{"id":2,"date":"2014-10-25T20:17:45","date_gmt":"2014-10-25T20:17:45","guid":{"rendered":"http:\/\/novo2017.assemit.com.br\/?p=2"},"modified":"2014-10-25T20:17:45","modified_gmt":"2014-10-25T20:17:45","slug":"diretoria-2015-2016","status":"publish","type":"post","link":"https:\/\/assemit.com.br\/novo\/?p=2","title":{"rendered":"Diretoria 2017-2019"},"content":{"rendered":"<h2 style=\"margin: 0px 0px 0.75em; padding: 5px 0px; border-width: 0px 0px 1px; border-image: initial; outline: 0px; vertical-align: baseline; background-image: initial; background-position: initial; background-size: initial; background-repeat: initial; background-attachment: initial; background-origin: initial; background-clip: initial; font-family: arial, sans-serif; color: #444444; text-rendering: optimizeLegibility; word-wrap: break-word; font-size: 1.5em; line-height: 1.2; border-color: initial initial #dddddd initial; border-style: initial initial solid initial;\"><img loading=\"lazy\" decoding=\"async\" class=\" size-full wp-image-1\" style=\"margin: 0px; padding: 0px; border: 0px none; outline: 0px; vertical-align: baseline; background: transparent; max-width: 100%;\" src=\"http:\/\/novo2017.assemit.com.br\/wp-content\/uploads\/2014\/10\/diretoria2017.jpg\" alt=\"\" width=\"965\" height=\"643\" \/><strong style=\"margin: 0px; padding: 0px; border: 0px; outline: 0px; vertical-align: baseline; background: transparent;\"><br \/><\/strong>Presidente: Clemente Schnorrenberger<br \/>Vice Presidente: Renato Eidt<br \/>Tesoureiro: Norberto Lengert<br \/>Vice Tesoureiro: Guido Flach<br \/>Secret\u00e1ria: Cleusa Soethe Guareschi \u00a0<br \/>Vice Secret\u00e1ria: Cristiani Werlang<br \/>Conselho Fiscal: Alexandre Gomes Ribas\u00a0<br \/>Tecla Royer Scholz \/ Claudio Bourscheid<br \/>Suplentes: \u00a0Ivete Anschau Friedrich\u00a0<br \/>Pedro Jose Kunrath \/ Edevaldo Antonio Kraemer\u00a0<br \/>Assessor de Comunica\u00e7\u00e3o: Afonso Niehues \/ Abr\u00e3o Moura\u00a0<br \/>Assessoria Jur\u00eddica: \u00a0Airton Sehn \u00a0<br \/>Departamento de Prote\u00e7\u00e3o ao Cr\u00e9dito: \u00a0Nirton Follmann<br \/>Departamento de Aperfei\u00e7oamento Profissional: Katia Mara Ertel Engel \/ Carlise Welter Werlang \/ Ilvar Vogt\u00a0<br \/>Departamento do Empreender: \u00a0Odir Luiz Fank<br \/>Departamento de Eventos: Sadi Reckziegel \/ Adilson Fabris \/ Eloi Kaiser \/ Andreia Kern \/ Pedro Paulo Pereira<br \/>Departamento da EFRAIT: Elton Martinho Maldaner<br \/>Conselho Deliberativo: \u00a0Elton Martinho Maldaner, Afonso Niehues e Carlise Welter Werlang<\/h2>\n","protected":false},"excerpt":{"rendered":"<p>Presidente: Clemente SchnorrenbergerVice Presidente: Renato EidtTesoureiro: Norberto LengertVice Tesoureiro: Guido FlachSecret\u00e1ria: Cleusa Soethe Guareschi \u00a0Vice Secret\u00e1ria: Cristiani WerlangConselho Fiscal: Alexandre Gomes Ribas\u00a0Tecla Royer Scholz \/ Claudio BourscheidSuplentes: \u00a0Ivete Anschau Friedrich\u00a0Pedro Jose Kunrath \/ Edevaldo Antonio Kraemer\u00a0Assessor de Comunica\u00e7\u00e3o: Afonso Niehues [&hellip;]<\/p>\n","protected":false},"author":1,"featured_media":1,"comment_status":"open","ping_status":"open","sticky":false,"template":"","format":"standard","meta":{"ngg_post_thumbnail":0,"footnotes":""},"categories":[8],"tags":[],"class_list":["post-2","post","type-post","status-publish","format-standard","has-post-thumbnail","hentry","category-assemit-assemit"],"_links":{"self":[{"href":"https:\/\/assemit.com.br\/novo\/index.php?rest_route=\/wp\/v2\/posts\/2","targetHints":{"allow":["GET"]}}],"collection":[{"href":"https:\/\/assemit.com.br\/novo\/index.php?rest_route=\/wp\/v2\/posts"}],"about":[{"href":"https:\/\/assemit.com.br\/novo\/index.php?rest_route=\/wp\/v2\/types\/post"}],"author":[{"embeddable":true,"href":"https:\/\/assemit.com.br\/novo\/index.php?rest_route=\/wp\/v2\/users\/1"}],"replies":[{"embeddable":true,"href":"https:\/\/assemit.com.br\/novo\/index.php?rest_route=%2Fwp%2Fv2%2Fcomments&post=2"}],"version-history":[{"count":0,"href":"https:\/\/assemit.com.br\/novo\/index.php?rest_route=\/wp\/v2\/posts\/2\/revisions"}],"wp:featuredmedia":[{"embeddable":true,"href":"https:\/\/assemit.com.br\/novo\/index.php?rest_route=\/wp\/v2\/media\/1"}],"wp:attachment":[{"href":"https:\/\/assemit.com.br\/novo\/index.php?rest_route=%2Fwp%2Fv2%2Fmedia&parent=2"}],"wp:term":[{"taxonomy":"category","embeddable":true,"href":"https:\/\/assemit.com.br\/novo\/index.php?rest_route=%2Fwp%2Fv2%2Fcategories&post=2"},{"taxonomy":"post_tag","embeddable":true,"href":"https:\/\/assemit.com.br\/novo\/index.php?rest_route=%2Fwp%2Fv2%2Ftags&post=2"}],"curies":[{"name":"wp","href":"https:\/\/api.w.org\/{rel}","templated":true}]}}