{"id":200,"date":"2013-02-21T14:15:26","date_gmt":"2013-02-21T14:15:26","guid":{"rendered":"http:\/\/novo2017.assemit.com.br\/?p=200"},"modified":"2013-02-21T14:15:26","modified_gmt":"2013-02-21T14:15:26","slug":"assemit-participa-de-encontro-em-maringa-pr","status":"publish","type":"post","link":"https:\/\/assemit.com.br\/novo\/?p=200","title":{"rendered":"Assemit participa de encontro em Maring\u00e1 &#8211; PR"},"content":{"rendered":"<p class=\"MsoNormal\" style=\"text-align: justify;\"><img loading=\"lazy\" decoding=\"async\" class=\" size-full wp-image-199\" src=\"http:\/\/novo2017.assemit.com.br\/wp-content\/uploads\/2013\/02\/maringa.jpg\" border=\"0\" width=\"700\" height=\"464\" srcset=\"https:\/\/assemit.com.br\/novo\/wp-content\/uploads\/2013\/02\/maringa.jpg 700w, https:\/\/assemit.com.br\/novo\/wp-content\/uploads\/2013\/02\/maringa-300x199.jpg 300w, https:\/\/assemit.com.br\/novo\/wp-content\/uploads\/2013\/02\/maringa-619x410.jpg 619w\" sizes=\"auto, (max-width: 700px) 100vw, 700px\" \/><\/p>\n<p style=\"text-align: justify;\">O encontro aconteceu na \u00faltima ter\u00e7a-feira dia 19, no audit\u00f3rio da ACIM (Associa\u00e7\u00e3o Comercial e Industrial de Maring\u00e1 \u2013 PR). Estiveram presentes no encontro o Presidente da ASSEMIT Elton Maldaner e o Assessor de Comunica\u00e7\u00e3o da ASSEMIT e Diretor da Ind\u00fastria e Com\u00e9rcio do munic\u00edpio de Itapiranga, Alexandre Siqueira, juntamente com mais 17 membros do CDM &#8211; Conselho de Desenvolvimento Municipal de Itapiranga.<\/p>\n<p>O principal objetivo do encontro foi conhecer a cidade de Maring\u00e1 e seu desenvolvimento, principalmente a atua\u00e7\u00e3o do conselho local, que a mais de 17 anos tem sido o principal respons\u00e1vel pela retomada do crescimento socioecon\u00f4mico de Maring\u00e1, servindo como modelo brasileiro em termos de qualidade de vida e desenvolvimento. Durante o dia foi explanado sobre a atua\u00e7\u00e3o do conselho, desde seu surgimento at\u00e9 os dias de hoje, pelo seu presidente Sr. Jos\u00e9 Carlos Val\u00eancio e a Executiva do Conselho Sra. M\u00e1rcia Santin. Os conselheiros enaltecem o respaldo que a comunidade e o poder p\u00fablico t\u00eam perante o conselho pela sua atua\u00e7\u00e3o s\u00e9ria, comprometida e apartid\u00e1ria.<\/p>\n<p>A ASSEMIT teve e est\u00e1 tendo uma atua\u00e7\u00e3o fundamental no conselho de desenvolvimento de Itapiranga, principalmente no que se refere ao desenvolvimento econ\u00f4mico do munic\u00edpio, no fortalecimento das empresas existentes, no est\u00edmulo a novos empreendimentos, na organiza\u00e7\u00e3o da cadeia produtiva de alguns produtos que podem ter grande valor agregado e na qualifica\u00e7\u00e3o da m\u00e3o de obra existente.<\/p>\n<p>\u00a0<\/p>\n","protected":false},"excerpt":{"rendered":"<p>O encontro aconteceu na \u00faltima ter\u00e7a-feira dia 19, no audit\u00f3rio da ACIM (Associa\u00e7\u00e3o Comercial e Industrial de Maring\u00e1 \u2013 PR). Estiveram presentes no encontro o Presidente da ASSEMIT Elton Maldaner e o Assessor de Comunica\u00e7\u00e3o da ASSEMIT e Diretor da [&hellip;]<\/p>\n","protected":false},"author":1,"featured_media":199,"comment_status":"open","ping_status":"open","sticky":false,"template":"","format":"standard","meta":{"ngg_post_thumbnail":0,"footnotes":""},"categories":[6],"tags":[],"class_list":["post-200","post","type-post","status-publish","format-standard","has-post-thumbnail","hentry","category-novidades"],"_links":{"self":[{"href":"https:\/\/assemit.com.br\/novo\/index.php?rest_route=\/wp\/v2\/posts\/200","targetHints":{"allow":["GET"]}}],"collection":[{"href":"https:\/\/assemit.com.br\/novo\/index.php?rest_route=\/wp\/v2\/posts"}],"about":[{"href":"https:\/\/assemit.com.br\/novo\/index.php?rest_route=\/wp\/v2\/types\/post"}],"author":[{"embeddable":true,"href":"https:\/\/assemit.com.br\/novo\/index.php?rest_route=\/wp\/v2\/users\/1"}],"replies":[{"embeddable":true,"href":"https:\/\/assemit.com.br\/novo\/index.php?rest_route=%2Fwp%2Fv2%2Fcomments&post=200"}],"version-history":[{"count":0,"href":"https:\/\/assemit.com.br\/novo\/index.php?rest_route=\/wp\/v2\/posts\/200\/revisions"}],"wp:featuredmedia":[{"embeddable":true,"href":"https:\/\/assemit.com.br\/novo\/index.php?rest_route=\/wp\/v2\/media\/199"}],"wp:attachment":[{"href":"https:\/\/assemit.com.br\/novo\/index.php?rest_route=%2Fwp%2Fv2%2Fmedia&parent=200"}],"wp:term":[{"taxonomy":"category","embeddable":true,"href":"https:\/\/assemit.com.br\/novo\/index.php?rest_route=%2Fwp%2Fv2%2Fcategories&post=200"},{"taxonomy":"post_tag","embeddable":true,"href":"https:\/\/assemit.com.br\/novo\/index.php?rest_route=%2Fwp%2Fv2%2Ftags&post=200"}],"curies":[{"name":"wp","href":"https:\/\/api.w.org\/{rel}","templated":true}]}}