{"id":2000,"date":"2018-08-22T15:19:06","date_gmt":"2018-08-22T18:19:06","guid":{"rendered":"http:\/\/www.assemit.com.br\/novo2017\/?p=2000"},"modified":"2018-08-22T15:19:06","modified_gmt":"2018-08-22T18:19:06","slug":"assembleia-em-comemoracao-ao-mes-dos-pais","status":"publish","type":"post","link":"https:\/\/assemit.com.br\/novo\/?p=2000","title":{"rendered":"Assembleia em Comemora\u00e7\u00e3o ao M\u00eas dos Pais"},"content":{"rendered":"<p><img loading=\"lazy\" decoding=\"async\" class=\"aligncenter wp-image-2001 size-full\" src=\"http:\/\/www.assemit.com.br\/novo2017\/wp-content\/uploads\/2018\/08\/5-1.jpg\" alt=\"\" width=\"530\" height=\"275\" srcset=\"https:\/\/assemit.com.br\/novo\/wp-content\/uploads\/2018\/08\/5-1.jpg 530w, https:\/\/assemit.com.br\/novo\/wp-content\/uploads\/2018\/08\/5-1-300x156.jpg 300w\" sizes=\"auto, (max-width: 530px) 100vw, 530px\" \/><\/p>\n<p>A Assemit realizou na noite de ontem, 21\/08, Assembleia Mensal em Comemora\u00e7\u00e3o ao M\u00eas dos Pais, que iniciou com homenagem feita por Rodrigo. Ap\u00f3s, foram repassadas as pr\u00f3ximas atividades da Associa\u00e7\u00e3o, debatido e definido, em vota\u00e7\u00e3o, a sugest\u00e3o para os hor\u00e1rios de final de ano e s\u00e1bados especiais. O Conselho de Tr\u00e2nsito explanou sobre a situa\u00e7\u00e3o dos estacionamentos na cidade de Itapiranga e foram repassados tamb\u00e9m, convites para participa\u00e7\u00e3o do Empreende Extremo Oeste, Oficinas de Capacita\u00e7\u00e3o Empresarial e para o Desfile de 7 de Setembro.<\/p>\n","protected":false},"excerpt":{"rendered":"<p>A Assemit realizou na noite de ontem, 21\/08, Assembleia Mensal em Comemora\u00e7\u00e3o ao M\u00eas dos Pais, que iniciou com homenagem feita por Rodrigo. Ap\u00f3s, foram repassadas as pr\u00f3ximas atividades da Associa\u00e7\u00e3o, debatido e definido, em vota\u00e7\u00e3o, a sugest\u00e3o para os [&hellip;]<\/p>\n","protected":false},"author":5,"featured_media":0,"comment_status":"closed","ping_status":"closed","sticky":false,"template":"","format":"standard","meta":{"ngg_post_thumbnail":0,"footnotes":""},"categories":[6],"tags":[31],"class_list":["post-2000","post","type-post","status-publish","format-standard","hentry","category-novidades","tag-pais-assembleia-assemit"],"_links":{"self":[{"href":"https:\/\/assemit.com.br\/novo\/index.php?rest_route=\/wp\/v2\/posts\/2000","targetHints":{"allow":["GET"]}}],"collection":[{"href":"https:\/\/assemit.com.br\/novo\/index.php?rest_route=\/wp\/v2\/posts"}],"about":[{"href":"https:\/\/assemit.com.br\/novo\/index.php?rest_route=\/wp\/v2\/types\/post"}],"author":[{"embeddable":true,"href":"https:\/\/assemit.com.br\/novo\/index.php?rest_route=\/wp\/v2\/users\/5"}],"replies":[{"embeddable":true,"href":"https:\/\/assemit.com.br\/novo\/index.php?rest_route=%2Fwp%2Fv2%2Fcomments&post=2000"}],"version-history":[{"count":1,"href":"https:\/\/assemit.com.br\/novo\/index.php?rest_route=\/wp\/v2\/posts\/2000\/revisions"}],"predecessor-version":[{"id":2002,"href":"https:\/\/assemit.com.br\/novo\/index.php?rest_route=\/wp\/v2\/posts\/2000\/revisions\/2002"}],"wp:attachment":[{"href":"https:\/\/assemit.com.br\/novo\/index.php?rest_route=%2Fwp%2Fv2%2Fmedia&parent=2000"}],"wp:term":[{"taxonomy":"category","embeddable":true,"href":"https:\/\/assemit.com.br\/novo\/index.php?rest_route=%2Fwp%2Fv2%2Fcategories&post=2000"},{"taxonomy":"post_tag","embeddable":true,"href":"https:\/\/assemit.com.br\/novo\/index.php?rest_route=%2Fwp%2Fv2%2Ftags&post=2000"}],"curies":[{"name":"wp","href":"https:\/\/api.w.org\/{rel}","templated":true}]}}