{"id":2010,"date":"2018-09-04T09:36:43","date_gmt":"2018-09-04T12:36:43","guid":{"rendered":"http:\/\/www.assemit.com.br\/novo2017\/?p=2010"},"modified":"2018-09-04T09:36:43","modified_gmt":"2018-09-04T12:36:43","slug":"oficina-de-rh","status":"publish","type":"post","link":"https:\/\/assemit.com.br\/novo\/?p=2010","title":{"rendered":"Oficina de RH"},"content":{"rendered":"<p><img loading=\"lazy\" decoding=\"async\" class=\"aligncenter wp-image-2011 size-full\" src=\"http:\/\/www.assemit.com.br\/novo2017\/wp-content\/uploads\/2018\/09\/2.jpg\" alt=\"\" width=\"532\" height=\"331\" srcset=\"https:\/\/assemit.com.br\/novo\/wp-content\/uploads\/2018\/09\/2.jpg 532w, https:\/\/assemit.com.br\/novo\/wp-content\/uploads\/2018\/09\/2-300x187.jpg 300w\" sizes=\"auto, (max-width: 532px) 100vw, 532px\" \/><\/p>\n<p>Iniciou na noite de ontem, 03\/09, a Oficina de RH &#8211; Direitos e Deveres do Trabalhador (Nova Legisla\u00e7\u00e3o Trabalhista e E-Social), ministrado por Daiana da Luz Petry e Fernanda Tavares da Silva, que trouxe explana\u00e7\u00e3o sobre as leis trabalhistas e suas inova\u00e7\u00f5es, carteira de Trabalho, esclarecimentos sobre 13\u00ba, f\u00e9rias, FGTS e afins. A oficina ter\u00e1 continuidade na noite de hoje.<\/p>\n","protected":false},"excerpt":{"rendered":"<p>Iniciou na noite de ontem, 03\/09, a Oficina de RH &#8211; Direitos e Deveres do Trabalhador (Nova Legisla\u00e7\u00e3o Trabalhista e E-Social), ministrado por Daiana da Luz Petry e Fernanda Tavares da Silva, que trouxe explana\u00e7\u00e3o sobre as leis trabalhistas e [&hellip;]<\/p>\n","protected":false},"author":5,"featured_media":0,"comment_status":"closed","ping_status":"closed","sticky":false,"template":"","format":"standard","meta":{"ngg_post_thumbnail":0,"footnotes":""},"categories":[6],"tags":[34],"class_list":["post-2010","post","type-post","status-publish","format-standard","hentry","category-novidades","tag-assemit-oficina-de-rh-e-social-nova-legislacao-trabalhista"],"_links":{"self":[{"href":"https:\/\/assemit.com.br\/novo\/index.php?rest_route=\/wp\/v2\/posts\/2010","targetHints":{"allow":["GET"]}}],"collection":[{"href":"https:\/\/assemit.com.br\/novo\/index.php?rest_route=\/wp\/v2\/posts"}],"about":[{"href":"https:\/\/assemit.com.br\/novo\/index.php?rest_route=\/wp\/v2\/types\/post"}],"author":[{"embeddable":true,"href":"https:\/\/assemit.com.br\/novo\/index.php?rest_route=\/wp\/v2\/users\/5"}],"replies":[{"embeddable":true,"href":"https:\/\/assemit.com.br\/novo\/index.php?rest_route=%2Fwp%2Fv2%2Fcomments&post=2010"}],"version-history":[{"count":1,"href":"https:\/\/assemit.com.br\/novo\/index.php?rest_route=\/wp\/v2\/posts\/2010\/revisions"}],"predecessor-version":[{"id":2012,"href":"https:\/\/assemit.com.br\/novo\/index.php?rest_route=\/wp\/v2\/posts\/2010\/revisions\/2012"}],"wp:attachment":[{"href":"https:\/\/assemit.com.br\/novo\/index.php?rest_route=%2Fwp%2Fv2%2Fmedia&parent=2010"}],"wp:term":[{"taxonomy":"category","embeddable":true,"href":"https:\/\/assemit.com.br\/novo\/index.php?rest_route=%2Fwp%2Fv2%2Fcategories&post=2010"},{"taxonomy":"post_tag","embeddable":true,"href":"https:\/\/assemit.com.br\/novo\/index.php?rest_route=%2Fwp%2Fv2%2Ftags&post=2010"}],"curies":[{"name":"wp","href":"https:\/\/api.w.org\/{rel}","templated":true}]}}