{"id":2013,"date":"2018-09-05T16:08:11","date_gmt":"2018-09-05T19:08:11","guid":{"rendered":"http:\/\/www.assemit.com.br\/novo2017\/?p=2013"},"modified":"2018-09-05T16:08:11","modified_gmt":"2018-09-05T19:08:11","slug":"oficinas-de-capacitacao-empresarial","status":"publish","type":"post","link":"https:\/\/assemit.com.br\/novo\/?p=2013","title":{"rendered":"Oficinas de Capacita\u00e7\u00e3o Empresarial"},"content":{"rendered":"<p><img loading=\"lazy\" decoding=\"async\" class=\"aligncenter wp-image-2014 \" src=\"http:\/\/www.assemit.com.br\/novo2017\/wp-content\/uploads\/2018\/09\/oficinas-775x1024.jpg\" alt=\"\" width=\"563\" height=\"744\" srcset=\"https:\/\/assemit.com.br\/novo\/wp-content\/uploads\/2018\/09\/oficinas-775x1024.jpg 775w, https:\/\/assemit.com.br\/novo\/wp-content\/uploads\/2018\/09\/oficinas-227x300.jpg 227w, https:\/\/assemit.com.br\/novo\/wp-content\/uploads\/2018\/09\/oficinas-768x1015.jpg 768w, https:\/\/assemit.com.br\/novo\/wp-content\/uploads\/2018\/09\/oficinas-619x818.jpg 619w, https:\/\/assemit.com.br\/novo\/wp-content\/uploads\/2018\/09\/oficinas.jpg 799w\" sizes=\"auto, (max-width: 563px) 100vw, 563px\" \/><\/p>\n<p>Na busca de a\u00e7\u00f5es que estimulem o associado a aprimorar seu conhecimento e o desenvolvimento de suas empresas, a Assemit realizou, com apoio da FACISC atrav\u00e9s do Programa Verba Cooperada, duas oficinas de capacita\u00e7\u00e3o empresarial, realizadas de forma pr\u00e1tica e de f\u00e1cil aplica\u00e7\u00e3o no dia a dia das empresas. Nos dias 27 e 28\/08 foi realizada a Oficina de Introdu\u00e7\u00e3o ao Eneagrama para L\u00edderes, que teve por objetivo fornecer ferramentas para o autoconhecimento, com a identifica\u00e7\u00e3o das compet\u00eancias emocionais, entender as diferen\u00e7as de comportamento das pessoas e o mecanismo pelo qual o outro funciona para ter maior facilidade em negocia\u00e7\u00f5es e resolu\u00e7\u00e3o de conflitos. J\u00e1 nos dias 03 e 04\/09 aconteceu a Oficina de RH &#8211; Direitos e Deveres do Trabalhador (Nova Legisla\u00e7\u00e3o Trabalhista e E-Social), onde foi explanado sobre Carteira de Trabalho, esclarecimentos sobre 13\u00ba, f\u00e9rias, FGTS e sobre as leis trabalhistas e suas inova\u00e7\u00f5es.<\/p>\n<p>&nbsp;<\/p>\n<p>&nbsp;<\/p>\n","protected":false},"excerpt":{"rendered":"<p>Na busca de a\u00e7\u00f5es que estimulem o associado a aprimorar seu conhecimento e o desenvolvimento de suas empresas, a Assemit realizou, com apoio da FACISC atrav\u00e9s do Programa Verba Cooperada, duas oficinas de capacita\u00e7\u00e3o empresarial, realizadas de forma pr\u00e1tica e [&hellip;]<\/p>\n","protected":false},"author":5,"featured_media":0,"comment_status":"closed","ping_status":"closed","sticky":false,"template":"","format":"standard","meta":{"ngg_post_thumbnail":0,"footnotes":""},"categories":[6],"tags":[35],"class_list":["post-2013","post","type-post","status-publish","format-standard","hentry","category-novidades","tag-assemit-verba-cooperada-facisc-oficinas-empresariais-eneagrama-e-social-nova-legislacao-trabalhista"],"_links":{"self":[{"href":"https:\/\/assemit.com.br\/novo\/index.php?rest_route=\/wp\/v2\/posts\/2013","targetHints":{"allow":["GET"]}}],"collection":[{"href":"https:\/\/assemit.com.br\/novo\/index.php?rest_route=\/wp\/v2\/posts"}],"about":[{"href":"https:\/\/assemit.com.br\/novo\/index.php?rest_route=\/wp\/v2\/types\/post"}],"author":[{"embeddable":true,"href":"https:\/\/assemit.com.br\/novo\/index.php?rest_route=\/wp\/v2\/users\/5"}],"replies":[{"embeddable":true,"href":"https:\/\/assemit.com.br\/novo\/index.php?rest_route=%2Fwp%2Fv2%2Fcomments&post=2013"}],"version-history":[{"count":1,"href":"https:\/\/assemit.com.br\/novo\/index.php?rest_route=\/wp\/v2\/posts\/2013\/revisions"}],"predecessor-version":[{"id":2015,"href":"https:\/\/assemit.com.br\/novo\/index.php?rest_route=\/wp\/v2\/posts\/2013\/revisions\/2015"}],"wp:attachment":[{"href":"https:\/\/assemit.com.br\/novo\/index.php?rest_route=%2Fwp%2Fv2%2Fmedia&parent=2013"}],"wp:term":[{"taxonomy":"category","embeddable":true,"href":"https:\/\/assemit.com.br\/novo\/index.php?rest_route=%2Fwp%2Fv2%2Fcategories&post=2013"},{"taxonomy":"post_tag","embeddable":true,"href":"https:\/\/assemit.com.br\/novo\/index.php?rest_route=%2Fwp%2Fv2%2Ftags&post=2013"}],"curies":[{"name":"wp","href":"https:\/\/api.w.org\/{rel}","templated":true}]}}