{"id":2016,"date":"2018-09-06T08:52:36","date_gmt":"2018-09-06T11:52:36","guid":{"rendered":"http:\/\/www.assemit.com.br\/novo2017\/?p=2016"},"modified":"2018-09-06T08:52:36","modified_gmt":"2018-09-06T11:52:36","slug":"curso-de-gestao-de-financas-pessoais-3","status":"publish","type":"post","link":"https:\/\/assemit.com.br\/novo\/?p=2016","title":{"rendered":"Curso de Gest\u00e3o de Finan\u00e7as Pessoais"},"content":{"rendered":"<p><img loading=\"lazy\" decoding=\"async\" class=\"aligncenter wp-image-2017 size-full\" src=\"http:\/\/www.assemit.com.br\/novo2017\/wp-content\/uploads\/2018\/09\/2-1.jpg\" alt=\"\" width=\"469\" height=\"376\" srcset=\"https:\/\/assemit.com.br\/novo\/wp-content\/uploads\/2018\/09\/2-1.jpg 469w, https:\/\/assemit.com.br\/novo\/wp-content\/uploads\/2018\/09\/2-1-300x241.jpg 300w\" sizes=\"auto, (max-width: 469px) 100vw, 469px\" \/><\/p>\n<p>Encerrou-se na noite de ontem, 05\/09, a 2\u00aa Turma do Curso de Gest\u00e3o de Finan\u00e7as Pessoais. A turma j\u00e1 marcou um reencontro para daqui a um ano, a fim de fazer uma extens\u00e3o e avalia\u00e7\u00e3o do curso, verificando a evolu\u00e7\u00e3o de cada um ap\u00f3s esse per\u00edodo. Segunda, 10\/09 inicia a 3\u00aa e \u00faltima turma para esse ano.<\/p>\n","protected":false},"excerpt":{"rendered":"<p>Encerrou-se na noite de ontem, 05\/09, a 2\u00aa Turma do Curso de Gest\u00e3o de Finan\u00e7as Pessoais. A turma j\u00e1 marcou um reencontro para daqui a um ano, a fim de fazer uma extens\u00e3o e avalia\u00e7\u00e3o do curso, verificando a evolu\u00e7\u00e3o [&hellip;]<\/p>\n","protected":false},"author":5,"featured_media":0,"comment_status":"closed","ping_status":"closed","sticky":false,"template":"","format":"standard","meta":{"ngg_post_thumbnail":0,"footnotes":""},"categories":[6],"tags":[15],"class_list":["post-2016","post","type-post","status-publish","format-standard","hentry","category-novidades","tag-assemit-sicoob-gestao-de-financas-pessoais"],"_links":{"self":[{"href":"https:\/\/assemit.com.br\/novo\/index.php?rest_route=\/wp\/v2\/posts\/2016","targetHints":{"allow":["GET"]}}],"collection":[{"href":"https:\/\/assemit.com.br\/novo\/index.php?rest_route=\/wp\/v2\/posts"}],"about":[{"href":"https:\/\/assemit.com.br\/novo\/index.php?rest_route=\/wp\/v2\/types\/post"}],"author":[{"embeddable":true,"href":"https:\/\/assemit.com.br\/novo\/index.php?rest_route=\/wp\/v2\/users\/5"}],"replies":[{"embeddable":true,"href":"https:\/\/assemit.com.br\/novo\/index.php?rest_route=%2Fwp%2Fv2%2Fcomments&post=2016"}],"version-history":[{"count":1,"href":"https:\/\/assemit.com.br\/novo\/index.php?rest_route=\/wp\/v2\/posts\/2016\/revisions"}],"predecessor-version":[{"id":2018,"href":"https:\/\/assemit.com.br\/novo\/index.php?rest_route=\/wp\/v2\/posts\/2016\/revisions\/2018"}],"wp:attachment":[{"href":"https:\/\/assemit.com.br\/novo\/index.php?rest_route=%2Fwp%2Fv2%2Fmedia&parent=2016"}],"wp:term":[{"taxonomy":"category","embeddable":true,"href":"https:\/\/assemit.com.br\/novo\/index.php?rest_route=%2Fwp%2Fv2%2Fcategories&post=2016"},{"taxonomy":"post_tag","embeddable":true,"href":"https:\/\/assemit.com.br\/novo\/index.php?rest_route=%2Fwp%2Fv2%2Ftags&post=2016"}],"curies":[{"name":"wp","href":"https:\/\/api.w.org\/{rel}","templated":true}]}}