{"id":202,"date":"2013-02-05T17:49:48","date_gmt":"2013-02-05T17:49:48","guid":{"rendered":"http:\/\/novo2017.assemit.com.br\/?p=202"},"modified":"2013-02-05T17:49:48","modified_gmt":"2013-02-05T17:49:48","slug":"assemit-ja-prepara-natal-de-2013","status":"publish","type":"post","link":"https:\/\/assemit.com.br\/novo\/?p=202","title":{"rendered":"Assemit j\u00e1 prepara Natal de 2013"},"content":{"rendered":"<p style=\"text-align: center;\"><img loading=\"lazy\" decoding=\"async\" class=\" size-full wp-image-201\" src=\"http:\/\/novo2017.assemit.com.br\/wp-content\/uploads\/2013\/02\/natal%202013.jpg\" border=\"0\" width=\"490\" height=\"367\" \/><\/p>\n<p style=\"text-align: justify;\">Com o objetivo de adiantar e fazer uma programa\u00e7\u00e3o ainda melhor para as comemora\u00e7\u00f5es natalinas de 2013 estiveram reunidos na sala de reuni\u00f5es da Assemit no ultimo dia 01 de fevereiro, o presidente Elton Maldaner, o Diretor da Ind\u00fastria e Com\u00e9rcio do munic\u00edpio de Itapiranga, Alexandre Siqueira, o Papai Noel do Brasil Sr. \u00c9lio e as secret\u00e1rias executivas da Assemit, Susana e Raquel. O encontro serviu para dar encaminhamento a programa\u00e7\u00e3o natalina e o objetivo \u00e9 manter a parceria estabelecida entre Assemit e Prefeitura Municipal, sendo que neste ano pretende-se ampliar a programa\u00e7\u00e3o e abranger mais entidades, j\u00e1 que haver\u00e1 mais tempo para programar o evento.<\/p>\n<p>O Papai Noel do Brasil, Sr. \u00c9lio (de S\u00e3o Louren\u00e7o do Oeste &#8211; SC) destacou a import\u00e2ncia do evento que n\u00e3o visa somente a chegada do Papai Noel de helic\u00f3ptero, mas tamb\u00e9m trazer uma mensagem positiva de amor e educa\u00e7\u00e3o entre as fam\u00edlias, al\u00e9m de poder acrescentar a quest\u00e3o ambiental que consiste em distribuir sementes de \u00e1rvores nativas, instigando as crian\u00e7as a cultivar o h\u00e1bito de \u201cplantar e cuidar\u201d. As crian\u00e7as tamb\u00e9m poder\u00e3o escrever cartas para o Papai Noel, que mandar\u00e1 a resposta antes mesmo de sua visita.<\/p>\n<p>No dia 04, segunda feira reuniram se novamente alguns membros da diretoria com a finalidade de decidir o dia do evento e maiores detalhes da programa\u00e7\u00e3o, ficando encaminhado que a programa\u00e7\u00e3o se realizar\u00e1 no dia 21 de dezembro, s\u00e1bado, \u00e0s 20 horas. Est\u00e1 sendo discutida ainda a quest\u00e3o do local, mantendo na Pra\u00e7a dos Pioneiros ou transferindo para o Complexo Oktober. Maiores detalhes e inova\u00e7\u00f5es ser\u00e3o divulgadas posteriormente.<\/p>\n<p><\/p>\n","protected":false},"excerpt":{"rendered":"<p>Com o objetivo de adiantar e fazer uma programa\u00e7\u00e3o ainda melhor para as comemora\u00e7\u00f5es natalinas de 2013 estiveram reunidos na sala de reuni\u00f5es da Assemit no ultimo dia 01 de fevereiro, o presidente Elton Maldaner, o Diretor da Ind\u00fastria e [&hellip;]<\/p>\n","protected":false},"author":1,"featured_media":201,"comment_status":"open","ping_status":"open","sticky":false,"template":"","format":"standard","meta":{"ngg_post_thumbnail":0,"footnotes":""},"categories":[6],"tags":[],"class_list":["post-202","post","type-post","status-publish","format-standard","has-post-thumbnail","hentry","category-novidades"],"_links":{"self":[{"href":"https:\/\/assemit.com.br\/novo\/index.php?rest_route=\/wp\/v2\/posts\/202","targetHints":{"allow":["GET"]}}],"collection":[{"href":"https:\/\/assemit.com.br\/novo\/index.php?rest_route=\/wp\/v2\/posts"}],"about":[{"href":"https:\/\/assemit.com.br\/novo\/index.php?rest_route=\/wp\/v2\/types\/post"}],"author":[{"embeddable":true,"href":"https:\/\/assemit.com.br\/novo\/index.php?rest_route=\/wp\/v2\/users\/1"}],"replies":[{"embeddable":true,"href":"https:\/\/assemit.com.br\/novo\/index.php?rest_route=%2Fwp%2Fv2%2Fcomments&post=202"}],"version-history":[{"count":0,"href":"https:\/\/assemit.com.br\/novo\/index.php?rest_route=\/wp\/v2\/posts\/202\/revisions"}],"wp:featuredmedia":[{"embeddable":true,"href":"https:\/\/assemit.com.br\/novo\/index.php?rest_route=\/wp\/v2\/media\/201"}],"wp:attachment":[{"href":"https:\/\/assemit.com.br\/novo\/index.php?rest_route=%2Fwp%2Fv2%2Fmedia&parent=202"}],"wp:term":[{"taxonomy":"category","embeddable":true,"href":"https:\/\/assemit.com.br\/novo\/index.php?rest_route=%2Fwp%2Fv2%2Fcategories&post=202"},{"taxonomy":"post_tag","embeddable":true,"href":"https:\/\/assemit.com.br\/novo\/index.php?rest_route=%2Fwp%2Fv2%2Ftags&post=202"}],"curies":[{"name":"wp","href":"https:\/\/api.w.org\/{rel}","templated":true}]}}