{"id":2028,"date":"2018-09-13T08:30:57","date_gmt":"2018-09-13T11:30:57","guid":{"rendered":"http:\/\/www.assemit.com.br\/novo2017\/?p=2028"},"modified":"2018-09-13T08:30:57","modified_gmt":"2018-09-13T11:30:57","slug":"concurso-de-ambientacao-germanica","status":"publish","type":"post","link":"https:\/\/assemit.com.br\/novo\/?p=2028","title":{"rendered":"Concurso de Ambienta\u00e7\u00e3o Germ\u00e2nica"},"content":{"rendered":"<p><img loading=\"lazy\" decoding=\"async\" class=\"aligncenter wp-image-2029 size-large\" src=\"http:\/\/www.assemit.com.br\/novo2017\/wp-content\/uploads\/2018\/09\/WhatsApp-Image-2018-09-13-at-08.11.50-1024x723.jpeg\" alt=\"\" width=\"660\" height=\"466\" srcset=\"https:\/\/assemit.com.br\/novo\/wp-content\/uploads\/2018\/09\/WhatsApp-Image-2018-09-13-at-08.11.50-1024x723.jpeg 1024w, https:\/\/assemit.com.br\/novo\/wp-content\/uploads\/2018\/09\/WhatsApp-Image-2018-09-13-at-08.11.50-300x212.jpeg 300w, https:\/\/assemit.com.br\/novo\/wp-content\/uploads\/2018\/09\/WhatsApp-Image-2018-09-13-at-08.11.50-768x542.jpeg 768w, https:\/\/assemit.com.br\/novo\/wp-content\/uploads\/2018\/09\/WhatsApp-Image-2018-09-13-at-08.11.50-619x437.jpeg 619w, https:\/\/assemit.com.br\/novo\/wp-content\/uploads\/2018\/09\/WhatsApp-Image-2018-09-13-at-08.11.50.jpeg 1280w\" sizes=\"auto, (max-width: 660px) 100vw, 660px\" \/><\/p>\n<p>Est\u00e1 chegando a 40\u00aa Oktoberfest, e com ela o Concurso de Ambienta\u00e7\u00e3o Germ\u00e2nica, trazendo o encanto da decora\u00e7\u00e3o da nossa bela Cidade.<br \/>\nPara participar do concurso as empresas devem fazer a inscri\u00e7\u00e3o na ASSEMIT pelo telefone (49) 3677-0123 ou via e-mail: assemit@assemit.com.br, com Daiana, Nice ou Raquel, at\u00e9 dia 21\/09.<\/p>\n<p>Para mais informa\u00e7\u00f5es solicite o regulamento na ASSEMIT.<\/p>\n<p>Obs: TODAS as empresas do munic\u00edpio podem participar (associadas ou n\u00e3o).<\/p>\n","protected":false},"excerpt":{"rendered":"<p>Est\u00e1 chegando a 40\u00aa Oktoberfest, e com ela o Concurso de Ambienta\u00e7\u00e3o Germ\u00e2nica, trazendo o encanto da decora\u00e7\u00e3o da nossa bela Cidade. Para participar do concurso as empresas devem fazer a inscri\u00e7\u00e3o na ASSEMIT pelo telefone (49) 3677-0123 ou via [&hellip;]<\/p>\n","protected":false},"author":5,"featured_media":0,"comment_status":"closed","ping_status":"closed","sticky":false,"template":"","format":"standard","meta":{"ngg_post_thumbnail":0,"footnotes":""},"categories":[6],"tags":[37],"class_list":["post-2028","post","type-post","status-publish","format-standard","hentry","category-novidades","tag-assemit-oktoberfest-concurso-de-ambientacao-germanica"],"_links":{"self":[{"href":"https:\/\/assemit.com.br\/novo\/index.php?rest_route=\/wp\/v2\/posts\/2028","targetHints":{"allow":["GET"]}}],"collection":[{"href":"https:\/\/assemit.com.br\/novo\/index.php?rest_route=\/wp\/v2\/posts"}],"about":[{"href":"https:\/\/assemit.com.br\/novo\/index.php?rest_route=\/wp\/v2\/types\/post"}],"author":[{"embeddable":true,"href":"https:\/\/assemit.com.br\/novo\/index.php?rest_route=\/wp\/v2\/users\/5"}],"replies":[{"embeddable":true,"href":"https:\/\/assemit.com.br\/novo\/index.php?rest_route=%2Fwp%2Fv2%2Fcomments&post=2028"}],"version-history":[{"count":1,"href":"https:\/\/assemit.com.br\/novo\/index.php?rest_route=\/wp\/v2\/posts\/2028\/revisions"}],"predecessor-version":[{"id":2030,"href":"https:\/\/assemit.com.br\/novo\/index.php?rest_route=\/wp\/v2\/posts\/2028\/revisions\/2030"}],"wp:attachment":[{"href":"https:\/\/assemit.com.br\/novo\/index.php?rest_route=%2Fwp%2Fv2%2Fmedia&parent=2028"}],"wp:term":[{"taxonomy":"category","embeddable":true,"href":"https:\/\/assemit.com.br\/novo\/index.php?rest_route=%2Fwp%2Fv2%2Fcategories&post=2028"},{"taxonomy":"post_tag","embeddable":true,"href":"https:\/\/assemit.com.br\/novo\/index.php?rest_route=%2Fwp%2Fv2%2Ftags&post=2028"}],"curies":[{"name":"wp","href":"https:\/\/api.w.org\/{rel}","templated":true}]}}