{"id":2031,"date":"2018-09-18T17:22:31","date_gmt":"2018-09-18T20:22:31","guid":{"rendered":"http:\/\/www.assemit.com.br\/novo2017\/?p=2031"},"modified":"2018-09-18T17:23:18","modified_gmt":"2018-09-18T20:23:18","slug":"viagem-tecnica","status":"publish","type":"post","link":"https:\/\/assemit.com.br\/novo\/?p=2031","title":{"rendered":"Viagem e Visita T\u00e9cnica"},"content":{"rendered":"<p><img loading=\"lazy\" decoding=\"async\" class=\"aligncenter wp-image-2032 size-full\" src=\"http:\/\/www.assemit.com.br\/novo2017\/wp-content\/uploads\/2018\/09\/3.jpg\" alt=\"\" width=\"526\" height=\"328\" srcset=\"https:\/\/assemit.com.br\/novo\/wp-content\/uploads\/2018\/09\/3.jpg 526w, https:\/\/assemit.com.br\/novo\/wp-content\/uploads\/2018\/09\/3-300x187.jpg 300w\" sizes=\"auto, (max-width: 526px) 100vw, 526px\" \/><\/p>\n<p>Com intuito de oportunizar aos nucleados conhecer as empresas e seus fornecedores e tamb\u00e9m propiciar um momento de lazer e integra\u00e7\u00e3o entre os participantes, o N\u00facleo de Automecanicas realizou nos dias 14, 15 e 16\/09 viagem \u00e0 Serra Ga\u00facha com visita t\u00e9cnica na Unidade 1 e Unidade 3 da Agrale e visita t\u00e9cnica em Vin\u00edcolas, al\u00e9m dos passeios tur\u00edsticos em Bento Gon\u00e7alves, Caxias do Sul, Garibaldi \u00a0e Carlos Barbosa.<\/p>\n","protected":false},"excerpt":{"rendered":"<p>Com intuito de oportunizar aos nucleados conhecer as empresas e seus fornecedores e tamb\u00e9m propiciar um momento de lazer e integra\u00e7\u00e3o entre os participantes, o N\u00facleo de Automecanicas realizou nos dias 14, 15 e 16\/09 viagem \u00e0 Serra Ga\u00facha com [&hellip;]<\/p>\n","protected":false},"author":5,"featured_media":0,"comment_status":"closed","ping_status":"closed","sticky":false,"template":"","format":"standard","meta":{"ngg_post_thumbnail":0,"footnotes":""},"categories":[6],"tags":[38],"class_list":["post-2031","post","type-post","status-publish","format-standard","hentry","category-novidades","tag-assemit-nucleo-de-automecanicas-agrale-serra-gaucha-vinicolas"],"_links":{"self":[{"href":"https:\/\/assemit.com.br\/novo\/index.php?rest_route=\/wp\/v2\/posts\/2031","targetHints":{"allow":["GET"]}}],"collection":[{"href":"https:\/\/assemit.com.br\/novo\/index.php?rest_route=\/wp\/v2\/posts"}],"about":[{"href":"https:\/\/assemit.com.br\/novo\/index.php?rest_route=\/wp\/v2\/types\/post"}],"author":[{"embeddable":true,"href":"https:\/\/assemit.com.br\/novo\/index.php?rest_route=\/wp\/v2\/users\/5"}],"replies":[{"embeddable":true,"href":"https:\/\/assemit.com.br\/novo\/index.php?rest_route=%2Fwp%2Fv2%2Fcomments&post=2031"}],"version-history":[{"count":3,"href":"https:\/\/assemit.com.br\/novo\/index.php?rest_route=\/wp\/v2\/posts\/2031\/revisions"}],"predecessor-version":[{"id":2035,"href":"https:\/\/assemit.com.br\/novo\/index.php?rest_route=\/wp\/v2\/posts\/2031\/revisions\/2035"}],"wp:attachment":[{"href":"https:\/\/assemit.com.br\/novo\/index.php?rest_route=%2Fwp%2Fv2%2Fmedia&parent=2031"}],"wp:term":[{"taxonomy":"category","embeddable":true,"href":"https:\/\/assemit.com.br\/novo\/index.php?rest_route=%2Fwp%2Fv2%2Fcategories&post=2031"},{"taxonomy":"post_tag","embeddable":true,"href":"https:\/\/assemit.com.br\/novo\/index.php?rest_route=%2Fwp%2Fv2%2Ftags&post=2031"}],"curies":[{"name":"wp","href":"https:\/\/api.w.org\/{rel}","templated":true}]}}