{"id":2036,"date":"2018-09-19T14:58:33","date_gmt":"2018-09-19T17:58:33","guid":{"rendered":"http:\/\/www.assemit.com.br\/novo2017\/?p=2036"},"modified":"2018-09-19T14:58:33","modified_gmt":"2018-09-19T17:58:33","slug":"assembleia-mensal-3","status":"publish","type":"post","link":"https:\/\/assemit.com.br\/novo\/?p=2036","title":{"rendered":"Assembleia Mensal"},"content":{"rendered":"<p><img loading=\"lazy\" decoding=\"async\" class=\"aligncenter wp-image-2037 size-full\" src=\"http:\/\/www.assemit.com.br\/novo2017\/wp-content\/uploads\/2018\/09\/4.jpg\" alt=\"\" width=\"529\" height=\"239\" srcset=\"https:\/\/assemit.com.br\/novo\/wp-content\/uploads\/2018\/09\/4.jpg 529w, https:\/\/assemit.com.br\/novo\/wp-content\/uploads\/2018\/09\/4-300x136.jpg 300w\" sizes=\"auto, (max-width: 529px) 100vw, 529px\" \/><\/p>\n<p>Na noite de ontem, 18\/09, realizou-se a Assembleia Mensal da Assemit que tratou diversos assuntos, dentre eles: esclarecimentos sobre Contribui\u00e7\u00e3o Sindical, com o assessor jur\u00eddico Airton Sehn, apresenta\u00e7\u00e3o dos conselhos em que a ASSEMIT tem representa\u00e7\u00e3o e seus respectivos conselheiros, explana\u00e7\u00e3o da Campanha Troco Solid\u00e1rio, uma iniciativa do empres\u00e1rio Douglas Wagner em prol da APAE , e convite \u00e0 todas as empresas para participar do Concurso de Ambienta\u00e7\u00e3o Germ\u00e2nica, Bierwagen e Desfile da Oktoberfest.<\/p>\n","protected":false},"excerpt":{"rendered":"<p>Na noite de ontem, 18\/09, realizou-se a Assembleia Mensal da Assemit que tratou diversos assuntos, dentre eles: esclarecimentos sobre Contribui\u00e7\u00e3o Sindical, com o assessor jur\u00eddico Airton Sehn, apresenta\u00e7\u00e3o dos conselhos em que a ASSEMIT tem representa\u00e7\u00e3o e seus respectivos conselheiros, [&hellip;]<\/p>\n","protected":false},"author":5,"featured_media":0,"comment_status":"closed","ping_status":"closed","sticky":false,"template":"","format":"standard","meta":{"ngg_post_thumbnail":0,"footnotes":""},"categories":[6],"tags":[39],"class_list":["post-2036","post","type-post","status-publish","format-standard","hentry","category-novidades","tag-assemit-oktoberfest-bierwagen-apae"],"_links":{"self":[{"href":"https:\/\/assemit.com.br\/novo\/index.php?rest_route=\/wp\/v2\/posts\/2036","targetHints":{"allow":["GET"]}}],"collection":[{"href":"https:\/\/assemit.com.br\/novo\/index.php?rest_route=\/wp\/v2\/posts"}],"about":[{"href":"https:\/\/assemit.com.br\/novo\/index.php?rest_route=\/wp\/v2\/types\/post"}],"author":[{"embeddable":true,"href":"https:\/\/assemit.com.br\/novo\/index.php?rest_route=\/wp\/v2\/users\/5"}],"replies":[{"embeddable":true,"href":"https:\/\/assemit.com.br\/novo\/index.php?rest_route=%2Fwp%2Fv2%2Fcomments&post=2036"}],"version-history":[{"count":1,"href":"https:\/\/assemit.com.br\/novo\/index.php?rest_route=\/wp\/v2\/posts\/2036\/revisions"}],"predecessor-version":[{"id":2038,"href":"https:\/\/assemit.com.br\/novo\/index.php?rest_route=\/wp\/v2\/posts\/2036\/revisions\/2038"}],"wp:attachment":[{"href":"https:\/\/assemit.com.br\/novo\/index.php?rest_route=%2Fwp%2Fv2%2Fmedia&parent=2036"}],"wp:term":[{"taxonomy":"category","embeddable":true,"href":"https:\/\/assemit.com.br\/novo\/index.php?rest_route=%2Fwp%2Fv2%2Fcategories&post=2036"},{"taxonomy":"post_tag","embeddable":true,"href":"https:\/\/assemit.com.br\/novo\/index.php?rest_route=%2Fwp%2Fv2%2Ftags&post=2036"}],"curies":[{"name":"wp","href":"https:\/\/api.w.org\/{rel}","templated":true}]}}