{"id":204,"date":"2013-01-30T09:54:01","date_gmt":"2013-01-30T09:54:01","guid":{"rendered":"http:\/\/novo2017.assemit.com.br\/?p=204"},"modified":"2013-01-30T09:54:01","modified_gmt":"2013-01-30T09:54:01","slug":"diretoria-realiza-primeira-reuniao","status":"publish","type":"post","link":"https:\/\/assemit.com.br\/novo\/?p=204","title":{"rendered":"Diretoria realiza primeira reuni\u00e3o"},"content":{"rendered":"<p class=\"MsoNormal\" style=\"text-align: center; margin: 0cm 0cm 10pt;\"><span style=\"font-family: \"><span style=\"font-size: small;\"><span style=\"color: #000000;\"><img loading=\"lazy\" decoding=\"async\" class=\" size-full wp-image-203\" src=\"http:\/\/novo2017.assemit.com.br\/wp-content\/uploads\/2013\/01\/29-01-2013.jpg\" border=\"0\" width=\"640\" height=\"427\" srcset=\"https:\/\/assemit.com.br\/novo\/wp-content\/uploads\/2013\/01\/29-01-2013.jpg 640w, https:\/\/assemit.com.br\/novo\/wp-content\/uploads\/2013\/01\/29-01-2013-300x200.jpg 300w, https:\/\/assemit.com.br\/novo\/wp-content\/uploads\/2013\/01\/29-01-2013-619x413.jpg 619w\" sizes=\"auto, (max-width: 640px) 100vw, 640px\" \/><\/span><\/span><\/span><\/p>\n<p class=\"MsoNormal\" style=\"text-align: justify; margin: 0cm 0cm 10pt;\"><span style=\"font-family: \"><span style=\"font-size: small;\"><span style=\"color: #000000;\">No dia 29 de janeiro aconteceu a primeira reuni\u00e3o da nova diretoria da Assemit &#8211; Associa\u00e7\u00e3o dos Empres\u00e1rios de Itapiranga. O presidente Elton Maldaner conduziu os trabalhos. Um dos principais assuntos em pauta foi o processo de organiza\u00e7\u00e3o da 7\u00aa Efrait, que acontecer\u00e1 no munic\u00edpio de Itapiranga, de 03 a 05 de Maio deste ano. Os preparativos est\u00e3o avan\u00e7ando rapidamente. Um dos grandes pontos positivos ser\u00e1 o ingresso livre para a feira, que deve atrair milhares de pessoas de toda a regi\u00e3o. Os shows art\u00edsticos, por sua vez, tamb\u00e9m est\u00e3o em fase final de contrata\u00e7\u00e3o e em breve ser\u00e3o divulgados. Al\u00e9m da feira, foram tratados tamb\u00e9m outros assuntos de interesse da associa\u00e7\u00e3o.<\/span><\/span><\/span><\/p>\n","protected":false},"excerpt":{"rendered":"<p>No dia 29 de janeiro aconteceu a primeira reuni\u00e3o da nova diretoria da Assemit &#8211; Associa\u00e7\u00e3o dos Empres\u00e1rios de Itapiranga. O presidente Elton Maldaner conduziu os trabalhos. Um dos principais assuntos em pauta foi o processo de organiza\u00e7\u00e3o da 7\u00aa [&hellip;]<\/p>\n","protected":false},"author":1,"featured_media":203,"comment_status":"open","ping_status":"open","sticky":false,"template":"","format":"standard","meta":{"ngg_post_thumbnail":0,"footnotes":""},"categories":[6],"tags":[],"class_list":["post-204","post","type-post","status-publish","format-standard","has-post-thumbnail","hentry","category-novidades"],"_links":{"self":[{"href":"https:\/\/assemit.com.br\/novo\/index.php?rest_route=\/wp\/v2\/posts\/204","targetHints":{"allow":["GET"]}}],"collection":[{"href":"https:\/\/assemit.com.br\/novo\/index.php?rest_route=\/wp\/v2\/posts"}],"about":[{"href":"https:\/\/assemit.com.br\/novo\/index.php?rest_route=\/wp\/v2\/types\/post"}],"author":[{"embeddable":true,"href":"https:\/\/assemit.com.br\/novo\/index.php?rest_route=\/wp\/v2\/users\/1"}],"replies":[{"embeddable":true,"href":"https:\/\/assemit.com.br\/novo\/index.php?rest_route=%2Fwp%2Fv2%2Fcomments&post=204"}],"version-history":[{"count":0,"href":"https:\/\/assemit.com.br\/novo\/index.php?rest_route=\/wp\/v2\/posts\/204\/revisions"}],"wp:featuredmedia":[{"embeddable":true,"href":"https:\/\/assemit.com.br\/novo\/index.php?rest_route=\/wp\/v2\/media\/203"}],"wp:attachment":[{"href":"https:\/\/assemit.com.br\/novo\/index.php?rest_route=%2Fwp%2Fv2%2Fmedia&parent=204"}],"wp:term":[{"taxonomy":"category","embeddable":true,"href":"https:\/\/assemit.com.br\/novo\/index.php?rest_route=%2Fwp%2Fv2%2Fcategories&post=204"},{"taxonomy":"post_tag","embeddable":true,"href":"https:\/\/assemit.com.br\/novo\/index.php?rest_route=%2Fwp%2Fv2%2Ftags&post=204"}],"curies":[{"name":"wp","href":"https:\/\/api.w.org\/{rel}","templated":true}]}}