{"id":2045,"date":"2018-09-26T11:15:29","date_gmt":"2018-09-26T14:15:29","guid":{"rendered":"http:\/\/www.assemit.com.br\/novo2017\/?p=2045"},"modified":"2018-09-26T11:15:29","modified_gmt":"2018-09-26T14:15:29","slug":"chamada-de-novos-nucleados","status":"publish","type":"post","link":"https:\/\/assemit.com.br\/novo\/?p=2045","title":{"rendered":"Chamada de Novos Nucleados"},"content":{"rendered":"<p><img loading=\"lazy\" decoding=\"async\" class=\"aligncenter wp-image-2047 size-full\" src=\"http:\/\/www.assemit.com.br\/novo2017\/wp-content\/uploads\/2018\/09\/1.jpg\" alt=\"\" width=\"527\" height=\"314\" srcset=\"https:\/\/assemit.com.br\/novo\/wp-content\/uploads\/2018\/09\/1.jpg 527w, https:\/\/assemit.com.br\/novo\/wp-content\/uploads\/2018\/09\/1-300x179.jpg 300w\" sizes=\"auto, (max-width: 527px) 100vw, 527px\" \/><\/p>\n<p>E ontem (25\/09) foi o dia do JEI (N\u00facleo do Jovem Empreendedor Itapiranguense) realizar um evento diferente, com intuito de trazer mais integrantes para e Equipe, com a \u201cChamada de Novos Nucleados\u201d.<br \/>\nO Coordenador Val\u00e9rio desejou as boas vindas \u00e0 todos e juntamente com a consultora Raquel, foi realizada uma apresenta\u00e7\u00e3o com a vis\u00e3o, miss\u00e3o, valores e eventos realizados pelo n\u00facleo durante o ano de 2017 e 2018.<br \/>\nAp\u00f3s, cada nucleado presente falou um pouco da sua experi\u00eancia e aprendizados adquiridos como nucleados.<br \/>\nA noite foi brindada com um gostoso caf\u00e9 para intera\u00e7\u00e3o do grupo.<\/p>\n","protected":false},"excerpt":{"rendered":"<p>E ontem (25\/09) foi o dia do JEI (N\u00facleo do Jovem Empreendedor Itapiranguense) realizar um evento diferente, com intuito de trazer mais integrantes para e Equipe, com a \u201cChamada de Novos Nucleados\u201d. O Coordenador Val\u00e9rio desejou as boas vindas \u00e0 [&hellip;]<\/p>\n","protected":false},"author":5,"featured_media":0,"comment_status":"closed","ping_status":"closed","sticky":false,"template":"","format":"standard","meta":{"ngg_post_thumbnail":0,"footnotes":""},"categories":[6],"tags":[41,42],"class_list":["post-2045","post","type-post","status-publish","format-standard","hentry","category-novidades","tag-assemit","tag-nucleo-do-jovem-empreendedor"],"_links":{"self":[{"href":"https:\/\/assemit.com.br\/novo\/index.php?rest_route=\/wp\/v2\/posts\/2045","targetHints":{"allow":["GET"]}}],"collection":[{"href":"https:\/\/assemit.com.br\/novo\/index.php?rest_route=\/wp\/v2\/posts"}],"about":[{"href":"https:\/\/assemit.com.br\/novo\/index.php?rest_route=\/wp\/v2\/types\/post"}],"author":[{"embeddable":true,"href":"https:\/\/assemit.com.br\/novo\/index.php?rest_route=\/wp\/v2\/users\/5"}],"replies":[{"embeddable":true,"href":"https:\/\/assemit.com.br\/novo\/index.php?rest_route=%2Fwp%2Fv2%2Fcomments&post=2045"}],"version-history":[{"count":1,"href":"https:\/\/assemit.com.br\/novo\/index.php?rest_route=\/wp\/v2\/posts\/2045\/revisions"}],"predecessor-version":[{"id":2048,"href":"https:\/\/assemit.com.br\/novo\/index.php?rest_route=\/wp\/v2\/posts\/2045\/revisions\/2048"}],"wp:attachment":[{"href":"https:\/\/assemit.com.br\/novo\/index.php?rest_route=%2Fwp%2Fv2%2Fmedia&parent=2045"}],"wp:term":[{"taxonomy":"category","embeddable":true,"href":"https:\/\/assemit.com.br\/novo\/index.php?rest_route=%2Fwp%2Fv2%2Fcategories&post=2045"},{"taxonomy":"post_tag","embeddable":true,"href":"https:\/\/assemit.com.br\/novo\/index.php?rest_route=%2Fwp%2Fv2%2Ftags&post=2045"}],"curies":[{"name":"wp","href":"https:\/\/api.w.org\/{rel}","templated":true}]}}