{"id":2049,"date":"2018-09-27T11:52:24","date_gmt":"2018-09-27T14:52:24","guid":{"rendered":"http:\/\/www.assemit.com.br\/novo2017\/?p=2049"},"modified":"2018-09-27T11:52:24","modified_gmt":"2018-09-27T14:52:24","slug":"outubro-rosa","status":"publish","type":"post","link":"https:\/\/assemit.com.br\/novo\/?p=2049","title":{"rendered":"Outubro Rosa"},"content":{"rendered":"<p><img loading=\"lazy\" decoding=\"async\" class=\"aligncenter wp-image-2050 size-full\" src=\"http:\/\/www.assemit.com.br\/novo2017\/wp-content\/uploads\/2018\/09\/Missa-em-Comemora\u00e7\u00e3o-ao-Dia-Internacional-da-Mulher.jpg\" alt=\"\" width=\"531\" height=\"397\" srcset=\"https:\/\/assemit.com.br\/novo\/wp-content\/uploads\/2018\/09\/Missa-em-Comemora\u00e7\u00e3o-ao-Dia-Internacional-da-Mulher.jpg 531w, https:\/\/assemit.com.br\/novo\/wp-content\/uploads\/2018\/09\/Missa-em-Comemora\u00e7\u00e3o-ao-Dia-Internacional-da-Mulher-300x224.jpg 300w\" sizes=\"auto, (max-width: 531px) 100vw, 531px\" \/><\/p>\n<p>O N\u00facleo da Mulher Empres\u00e1ria estende um convite especial a toda a comunidade para participar da Missa do Outubro Rosa onde haver\u00e1 um momento especial compartilhando a a\u00e7\u00e3o social realizada pelo grupo.<\/p>\n","protected":false},"excerpt":{"rendered":"<p>O N\u00facleo da Mulher Empres\u00e1ria estende um convite especial a toda a comunidade para participar da Missa do Outubro Rosa onde haver\u00e1 um momento especial compartilhando a a\u00e7\u00e3o social realizada pelo grupo.<\/p>\n","protected":false},"author":5,"featured_media":0,"comment_status":"closed","ping_status":"closed","sticky":false,"template":"","format":"standard","meta":{"ngg_post_thumbnail":0,"footnotes":""},"categories":[6],"tags":[41,43,44],"class_list":["post-2049","post","type-post","status-publish","format-standard","hentry","category-novidades","tag-assemit","tag-nucleo-da-mulher-empresaria","tag-outubro-rosa"],"_links":{"self":[{"href":"https:\/\/assemit.com.br\/novo\/index.php?rest_route=\/wp\/v2\/posts\/2049","targetHints":{"allow":["GET"]}}],"collection":[{"href":"https:\/\/assemit.com.br\/novo\/index.php?rest_route=\/wp\/v2\/posts"}],"about":[{"href":"https:\/\/assemit.com.br\/novo\/index.php?rest_route=\/wp\/v2\/types\/post"}],"author":[{"embeddable":true,"href":"https:\/\/assemit.com.br\/novo\/index.php?rest_route=\/wp\/v2\/users\/5"}],"replies":[{"embeddable":true,"href":"https:\/\/assemit.com.br\/novo\/index.php?rest_route=%2Fwp%2Fv2%2Fcomments&post=2049"}],"version-history":[{"count":1,"href":"https:\/\/assemit.com.br\/novo\/index.php?rest_route=\/wp\/v2\/posts\/2049\/revisions"}],"predecessor-version":[{"id":2051,"href":"https:\/\/assemit.com.br\/novo\/index.php?rest_route=\/wp\/v2\/posts\/2049\/revisions\/2051"}],"wp:attachment":[{"href":"https:\/\/assemit.com.br\/novo\/index.php?rest_route=%2Fwp%2Fv2%2Fmedia&parent=2049"}],"wp:term":[{"taxonomy":"category","embeddable":true,"href":"https:\/\/assemit.com.br\/novo\/index.php?rest_route=%2Fwp%2Fv2%2Fcategories&post=2049"},{"taxonomy":"post_tag","embeddable":true,"href":"https:\/\/assemit.com.br\/novo\/index.php?rest_route=%2Fwp%2Fv2%2Ftags&post=2049"}],"curies":[{"name":"wp","href":"https:\/\/api.w.org\/{rel}","templated":true}]}}