{"id":205,"date":"2013-01-02T10:39:01","date_gmt":"2013-01-02T10:39:01","guid":{"rendered":"http:\/\/novo2017.assemit.com.br\/?p=205"},"modified":"2013-01-02T10:39:01","modified_gmt":"2013-01-02T10:39:01","slug":"relacao-sorteados-show-da-sorte-2012-assemit-em-31122012","status":"publish","type":"post","link":"https:\/\/assemit.com.br\/novo\/?p=205","title":{"rendered":"Rela\u00e7\u00e3o Sorteados SHOW DA SORTE 2012 ASSEMIT realizado em 31\/12\/2012"},"content":{"rendered":"<h5 class=\"uiStreamMessage userContentWrapper\"><span class=\"messageBody\"><span class=\"userContent\">Rela\u00e7\u00e3o Sorteados SHOW DA SORTE 2012 ASSEMIT em 31\/12\/2012 <\/p>\n<p>Vales Compras de R$ 200,00 cada<br \/>Vilson Bressler &#8211; Cliente da Comercial Cordilheira<br \/>In\u00e1cio Babick &#8211; Cliente da Cooper A1<br \/>Sirlene Braun &#8211; Cliente da Cooper A1<br \/>Clarice J. Walker &#8211; Cliente da Comercial Fronteira<br \/><\/span><\/span><\/h5>\n<h5 class=\"uiStreamMessage userContentWrapper\"><span class=\"messageBody\"><span class=\"userContent\">Vales Compras de R$ 300,00 cada<br \/>\u00b7\u00a0\u00a0\u00a0\u00a0\u00a0\u00a0\u00a0\u00a0 Jos\u00e9 Orleans F. da Silva &#8211; Cliente do Zeppelin<br \/>\u00b7\u00a0\u00a0\u00a0\u00a0\u00a0\u00a0\u00a0\u00a0 Alo\u00edsio J. Petry- Cliente da Cooper A1<br \/>\u00b7\u00a0\u00a0\u00a0\u00a0\u00a0\u00a0\u00a0\u00a0 Nodivar Carati &#8211; Cliente da Tipo Cal\u00e7ados<\/p>\n<p>Vale Compras de R$ 500,00 cada<br \/>\u00b7\u00a0\u00a0\u00a0\u00a0\u00a0\u00a0\u00a0\u00a0 Mateus S. Albuquerque &#8211; Cliente do Zeppelin<br \/>\u00b7\u00a0\u00a0\u00a0\u00a0\u00a0\u00a0\u00a0\u00a0 Danilo Schwertner &#8211; Cliente da Itapiranga Automoveis<br \/><\/span><\/span><\/h5>\n<h5 class=\"uiStreamMessage userContentWrapper\"><span class=\"messageBody\"><span class=\"userContent\">Vale Compras de R$ 1.000,00 <br \/>\u00b7\u00a0\u00a0\u00a0\u00a0\u00a0\u00a0\u00a0\u00a0 Loni Reichert de Lima &#8211; Cliente da Comercial Cordilheira<\/p>\n<p> Vales Compras de R$ 100,00 nas seguintes Empresas:<br \/>\u00b7\u00a0\u00a0\u00a0\u00a0\u00a0\u00a0\u00a0\u00a0 Lauro Weber &#8211; Abastecedora Lider;<br \/>\u00b7\u00a0\u00a0\u00a0\u00a0\u00a0\u00a0\u00a0\u00a0 Bianor Barros &#8211; Antena Som;<br \/>\u00b7\u00a0\u00a0\u00a0\u00a0\u00a0\u00a0\u00a0\u00a0 Susana Bottega Grasel &#8211; Arena Cyber;<br \/>\u00b7\u00a0\u00a0\u00a0\u00a0\u00a0\u00a0\u00a0\u00a0 Luis Vogel &#8211; Atual Modas e Papelaria;<br \/>\u00b7\u00a0\u00a0\u00a0\u00a0\u00a0\u00a0\u00a0\u00a0 Roque Hickmann &#8211; Comercial Citale;<br \/>\u00b7\u00a0\u00a0\u00a0\u00a0\u00a0\u00a0\u00a0\u00a0 Alexandre Ramos &#8211; Mercado Cordilheira;<br \/>\u00b7\u00a0\u00a0\u00a0\u00a0\u00a0\u00a0\u00a0\u00a0 Roseli De Col \u2013 Comercial Fronteira;<br \/>\u00b7\u00a0\u00a0\u00a0\u00a0\u00a0\u00a0\u00a0\u00a0 Edilene M\u00e9ier &#8211; Elmo A Kist;<br \/>\u00b7\u00a0\u00a0\u00a0\u00a0\u00a0\u00a0\u00a0\u00a0 Iria Friederichs &#8211; Encanto Noivas, Festas e Docora\u00e7\u00e3o;<br \/>\u00b7\u00a0\u00a0\u00a0\u00a0\u00a0\u00a0\u00a0\u00a0 Arno Jose Ternus &#8211; Farm\u00e1cia S\u00e3o Luiz;<br \/>\u00b7\u00a0\u00a0\u00a0\u00a0\u00a0\u00a0\u00a0\u00a0 Francisco Bracht \u2013 Ise Flores;<br \/>\u00b7\u00a0\u00a0\u00a0\u00a0\u00a0\u00a0\u00a0\u00a0 Aline J Santana &#8211; Mec\u00e2nica do Ratinho;<br \/>\u00b7\u00a0\u00a0\u00a0\u00a0\u00a0\u00a0\u00a0\u00a0 Comercial Guisa &#8211; Padaria Jung;<br \/>\u00b7\u00a0\u00a0\u00a0\u00a0\u00a0\u00a0\u00a0\u00a0 Norma Wessler &#8211; Nautec do Brasil;<br \/>\u00b7\u00a0\u00a0\u00a0\u00a0\u00a0\u00a0\u00a0\u00a0 Lisete Ludwig &#8211; Sare Modas;<br \/>\u00b7\u00a0\u00a0\u00a0\u00a0\u00a0\u00a0\u00a0\u00a0 Roberta O.Thomasi Grasel &#8211; Top Auto Pe\u00e7as;<br \/>\u00b7\u00a0\u00a0\u00a0\u00a0\u00a0\u00a0\u00a0\u00a0 Cleide T.Wirth &#8211; Comercial Guisa;<br \/>\u00b7\u00a0\u00a0\u00a0\u00a0\u00a0\u00a0\u00a0\u00a0 Larissa Back &#8211; Comercial Guisa;<br \/>\u00b7\u00a0\u00a0\u00a0\u00a0\u00a0\u00a0\u00a0\u00a0 Araci L. Wildner &#8211; Anamar Cal\u00e7ados e Confec\u00e7\u00f5es;<br \/>\u00b7\u00a0\u00a0\u00a0\u00a0\u00a0\u00a0\u00a0\u00a0 Ruy Schwenbger &#8211; Anamar Cal\u00e7ados e Confec\u00e7\u00f5es;<br \/>\u00b7\u00a0\u00a0\u00a0\u00a0\u00a0\u00a0\u00a0\u00a0 Simone Hofmann &#8211; Harmonia Cal\u00e7ados e Confec\u00e7\u00f5es;<br \/>\u00b7\u00a0\u00a0\u00a0\u00a0\u00a0\u00a0\u00a0\u00a0 M\u00e1rcia Melz &#8211; Harmonia Cal\u00e7ados e Confec\u00e7\u00f5es;<br \/>\u00b7\u00a0\u00a0\u00a0\u00a0\u00a0\u00a0\u00a0\u00a0 Sirlei Klein &#8211; Marcia Enxovais;<br \/>\u00b7\u00a0\u00a0\u00a0\u00a0\u00a0\u00a0\u00a0\u00a0 Miguel Rohden &#8211; Marcia Enxovais;<br \/>\u00b7\u00a0\u00a0\u00a0\u00a0\u00a0\u00a0\u00a0\u00a0 Bruno Schlikmann &#8211; Marcia Enxovais;<\/p>\n<p>Vales Compras de R$ 120,00 na:<br \/>Mariane\u00a0 J. Fiorentin &#8211; Comercial Flach;<br \/>Vilson Schmitz &#8211; Comercial Flach;<br \/>Cleiton Paulus &#8211; Comercial Flach;<\/p>\n<p>Vale Compras de R$ 150,00 na:<br \/>Daniel Berwanger &#8211; Tipo Cal\u00e7ados;<\/p>\n<p>Vale Compras de R$ 200,00 na:<br \/>Antonio de O. Soares &#8211; Peter Niehues.<\/p>\n<p>Os contemplados dever\u00e3o comparecer na ASSEMIT com os documentos pessoais para receber o Vale Compras<br \/><\/span><\/span><\/h5>\n","protected":false},"excerpt":{"rendered":"<p>Rela\u00e7\u00e3o Sorteados SHOW DA SORTE 2012 ASSEMIT em 31\/12\/2012 Vales Compras de R$ 200,00 cadaVilson Bressler &#8211; Cliente da Comercial CordilheiraIn\u00e1cio Babick &#8211; Cliente da Cooper A1Sirlene Braun &#8211; Cliente da Cooper A1Clarice J. Walker &#8211; Cliente da Comercial Fronteira [&hellip;]<\/p>\n","protected":false},"author":1,"featured_media":0,"comment_status":"open","ping_status":"open","sticky":false,"template":"","format":"standard","meta":{"ngg_post_thumbnail":0,"footnotes":""},"categories":[6],"tags":[],"class_list":["post-205","post","type-post","status-publish","format-standard","hentry","category-novidades"],"_links":{"self":[{"href":"https:\/\/assemit.com.br\/novo\/index.php?rest_route=\/wp\/v2\/posts\/205","targetHints":{"allow":["GET"]}}],"collection":[{"href":"https:\/\/assemit.com.br\/novo\/index.php?rest_route=\/wp\/v2\/posts"}],"about":[{"href":"https:\/\/assemit.com.br\/novo\/index.php?rest_route=\/wp\/v2\/types\/post"}],"author":[{"embeddable":true,"href":"https:\/\/assemit.com.br\/novo\/index.php?rest_route=\/wp\/v2\/users\/1"}],"replies":[{"embeddable":true,"href":"https:\/\/assemit.com.br\/novo\/index.php?rest_route=%2Fwp%2Fv2%2Fcomments&post=205"}],"version-history":[{"count":0,"href":"https:\/\/assemit.com.br\/novo\/index.php?rest_route=\/wp\/v2\/posts\/205\/revisions"}],"wp:attachment":[{"href":"https:\/\/assemit.com.br\/novo\/index.php?rest_route=%2Fwp%2Fv2%2Fmedia&parent=205"}],"wp:term":[{"taxonomy":"category","embeddable":true,"href":"https:\/\/assemit.com.br\/novo\/index.php?rest_route=%2Fwp%2Fv2%2Fcategories&post=205"},{"taxonomy":"post_tag","embeddable":true,"href":"https:\/\/assemit.com.br\/novo\/index.php?rest_route=%2Fwp%2Fv2%2Ftags&post=205"}],"curies":[{"name":"wp","href":"https:\/\/api.w.org\/{rel}","templated":true}]}}