{"id":2058,"date":"2018-10-01T10:15:09","date_gmt":"2018-10-01T13:15:09","guid":{"rendered":"http:\/\/www.assemit.com.br\/novo2017\/?p=2058"},"modified":"2018-10-01T10:15:40","modified_gmt":"2018-10-01T13:15:40","slug":"erje","status":"publish","type":"post","link":"https:\/\/assemit.com.br\/novo\/?p=2058","title":{"rendered":"ERJE"},"content":{"rendered":"<p><img loading=\"lazy\" decoding=\"async\" class=\"aligncenter wp-image-2059 \" src=\"http:\/\/www.assemit.com.br\/novo2017\/wp-content\/uploads\/2018\/10\/1.jpg\" alt=\"\" width=\"398\" height=\"428\" srcset=\"https:\/\/assemit.com.br\/novo\/wp-content\/uploads\/2018\/10\/1.jpg 350w, https:\/\/assemit.com.br\/novo\/wp-content\/uploads\/2018\/10\/1-279x300.jpg 279w\" sizes=\"auto, (max-width: 398px) 100vw, 398px\" \/><\/p>\n<p>O N\u00facleo do Jovem Empreendedor participou no s\u00e1bado, dia 29\/09, do ERJE Extremo Oeste (Encontro Regional do Jovem empreendedor), em S\u00e3o Jo\u00e3o do Oeste-SC.<br \/>\nForam apresentados dois cases de sucesso:<br \/>\n1 &#8211; M\u00e1rcia Stuelp, Fundadora e Administradora da empresa Construsul \u2013 Solu\u00e7\u00f5es em Suinocultura;<br \/>\n2 &#8211; Maikel Wilian Grasel, CEO da Lac Lelo.<br \/>\nAl\u00e9m dos cases, todos os participantes realizaram visitas em pontos tur\u00edsticos da cidade e o evento fechou com um Happy Hour.<\/p>\n","protected":false},"excerpt":{"rendered":"<p>O N\u00facleo do Jovem Empreendedor participou no s\u00e1bado, dia 29\/09, do ERJE Extremo Oeste (Encontro Regional do Jovem empreendedor), em S\u00e3o Jo\u00e3o do Oeste-SC. Foram apresentados dois cases de sucesso: 1 &#8211; M\u00e1rcia Stuelp, Fundadora e Administradora da empresa Construsul [&hellip;]<\/p>\n","protected":false},"author":5,"featured_media":0,"comment_status":"closed","ping_status":"closed","sticky":false,"template":"","format":"standard","meta":{"ngg_post_thumbnail":0,"footnotes":""},"categories":[6],"tags":[18,47,42],"class_list":["post-2058","post","type-post","status-publish","format-standard","hentry","category-novidades","tag-assembleia-assemit-expogestao-encontro-das-acis","tag-erje","tag-nucleo-do-jovem-empreendedor"],"_links":{"self":[{"href":"https:\/\/assemit.com.br\/novo\/index.php?rest_route=\/wp\/v2\/posts\/2058","targetHints":{"allow":["GET"]}}],"collection":[{"href":"https:\/\/assemit.com.br\/novo\/index.php?rest_route=\/wp\/v2\/posts"}],"about":[{"href":"https:\/\/assemit.com.br\/novo\/index.php?rest_route=\/wp\/v2\/types\/post"}],"author":[{"embeddable":true,"href":"https:\/\/assemit.com.br\/novo\/index.php?rest_route=\/wp\/v2\/users\/5"}],"replies":[{"embeddable":true,"href":"https:\/\/assemit.com.br\/novo\/index.php?rest_route=%2Fwp%2Fv2%2Fcomments&post=2058"}],"version-history":[{"count":2,"href":"https:\/\/assemit.com.br\/novo\/index.php?rest_route=\/wp\/v2\/posts\/2058\/revisions"}],"predecessor-version":[{"id":2061,"href":"https:\/\/assemit.com.br\/novo\/index.php?rest_route=\/wp\/v2\/posts\/2058\/revisions\/2061"}],"wp:attachment":[{"href":"https:\/\/assemit.com.br\/novo\/index.php?rest_route=%2Fwp%2Fv2%2Fmedia&parent=2058"}],"wp:term":[{"taxonomy":"category","embeddable":true,"href":"https:\/\/assemit.com.br\/novo\/index.php?rest_route=%2Fwp%2Fv2%2Fcategories&post=2058"},{"taxonomy":"post_tag","embeddable":true,"href":"https:\/\/assemit.com.br\/novo\/index.php?rest_route=%2Fwp%2Fv2%2Ftags&post=2058"}],"curies":[{"name":"wp","href":"https:\/\/api.w.org\/{rel}","templated":true}]}}