{"id":207,"date":"2013-01-24T16:55:02","date_gmt":"2013-01-24T16:55:02","guid":{"rendered":"http:\/\/novo2017.assemit.com.br\/?p=207"},"modified":"2013-01-24T16:55:02","modified_gmt":"2013-01-24T16:55:02","slug":"assemit-empossara-nova-diretoria-dia-1701","status":"publish","type":"post","link":"https:\/\/assemit.com.br\/novo\/?p=207","title":{"rendered":"Empossada nova diretoria da Assemit &#8211; Gest\u00e3o 2013-2014"},"content":{"rendered":"<p class=\"Legenda1\" style=\"text-align: justify;\"><img decoding=\"async\" class=\" size-full wp-image-206\" src=\"http:\/\/novo2017.assemit.com.br\/wp-content\/uploads\/2013\/01\/163.jpg\" border=\"0\" width=\"700\" style=\"border: 0;\" srcset=\"https:\/\/assemit.com.br\/novo\/wp-content\/uploads\/2013\/01\/163.jpg 718w, https:\/\/assemit.com.br\/novo\/wp-content\/uploads\/2013\/01\/163-300x201.jpg 300w, https:\/\/assemit.com.br\/novo\/wp-content\/uploads\/2013\/01\/163-619x416.jpg 619w\" sizes=\"(max-width: 718px) 100vw, 718px\" \/><\/p>\n<p class=\"Legenda1\" style=\"text-align: justify;\">A AABB &#8211; Associa\u00e7\u00e3o Atl\u00e9tica Banco do Brasil, foi palco de uma noite cheia de emo\u00e7\u00f5es no dia 17 de janeiro. Em importante solenidade tomou posse a nova diretoria da Assemit &#8211; Associa\u00e7\u00e3o dos Empres\u00e1rios de Itapiranga, para o bi\u00eanio 2013-2014. Antes do protocolo da posse, foi realizada a presta\u00e7\u00e3o de contas do exerc\u00edcio 2012 da entidade, que foi aprovada por todos.<\/p>\n<p class=\"Legenda1\" style=\"text-align: justify;\">A noite ainda foi marcada pela posse da nova coordena\u00e7\u00e3o do JEI, o n\u00facleo do Jovem Empreendedor de Itapiranga. O primeiro coordenador do grupo, Alexandre da Silva Siqueira, repassou o cargo para Val\u00e9rio Niehues.<\/p>\n<p class=\"Legenda1\" style=\"text-align: justify;\">Afonso Niehues, que durante 4 anos esteve \u00e0 frente da associa\u00e7\u00e3o, repassou a presid\u00eancia para o empres\u00e1rio Elton Maldaner. Confira abaixo a rela\u00e7\u00e3o completa da diretoria eleita.<\/p>\n<p class=\"Legenda1\">\u00a0<\/p>\n<p class=\"Legenda1\">Presidente: Elton M. Maldaner<\/p>\n<p class=\"Legenda1\">Vice: Lazie M. de Col<\/p>\n<p class=\"Legenda1\">Secret\u00e1ria: Ivete A Friedrich<\/p>\n<p class=\"Legenda1\">Vice: Cristiani Werlang<\/p>\n<p class=\"Legenda1\">Tesoureiro: Guido Flach<\/p>\n<p class=\"Legenda1\">Vice: Clemente Schnorrenberger<\/p>\n<p class=\"Legenda1\">Conselho Fiscal: Cleusa S. Guareschi, Cristian Reichert e\u00a0Daniel Rosolen<\/p>\n<p class=\"Legenda1\">Suplentes: Johny Griebeler,\u00a0Val\u00e9rio Niehues e\u00a0Pedro J. Kunrath<\/p>\n<p class=\"Legenda1\">Assessores de Comunica\u00e7\u00e3o: Alexandre da S. Siqueira e Gilvane Kern<\/p>\n<p class=\"Legenda1\" style=\"text-align: justify;\">Departamento de Com\u00e9rcio Nacional: Marino Spies e Edevaldo Kraemer<\/p>\n<p>Departamento Agropecu\u00e1rio: Celiomar Crestani<\/p>\n<p>Departamento Cultural, Social e Esportivo: Cibele Conrad<\/p>\n<p>Departamento da Ind\u00fastria: Rodrigo Zago<\/p>\n<p>Departamento de Servi\u00e7os de Prote\u00e7\u00e3o ao Cr\u00e9dito: Vald\u00e9cio Sehn<\/p>\n<p class=\"Legenda1\" style=\"text-align: justify;\">Departamento de Aperfei\u00e7oamento Profissional: Nirton Follmann<\/p>\n<p class=\"Legenda1\" style=\"text-align: justify;\">Departamento da Presta\u00e7\u00e3o de Servi\u00e7os: Gabriel Celuppi<\/p>\n<p class=\"Legenda1\" style=\"text-align: justify;\">Departamento de Turismo: Lairton Korbes<\/p>\n<p class=\"Legenda1\" style=\"text-align: justify;\">Assessoria Jur\u00eddica: Airton Sehn<\/p>\n<p class=\"Legenda1\" style=\"text-align: justify;\">Eventos e Show de Pr\u00eamios: Valdir Jos\u00e9 Bourcheid<\/p>\n<p class=\"Legenda1\" style=\"text-align: justify;\">Conselho Deliberativo: Carlise Welter Werlang, \u00c9lbio Schimuneck e Afonso Niehues<\/p>\n<p class=\"Legenda1\" style=\"text-align: justify;\">\u00a0<\/p>\n<p class=\"Legenda1\">\u00a0<\/p>\n","protected":false},"excerpt":{"rendered":"<p>A AABB &#8211; Associa\u00e7\u00e3o Atl\u00e9tica Banco do Brasil, foi palco de uma noite cheia de emo\u00e7\u00f5es no dia 17 de janeiro. Em importante solenidade tomou posse a nova diretoria da Assemit &#8211; Associa\u00e7\u00e3o dos Empres\u00e1rios de Itapiranga, para o bi\u00eanio [&hellip;]<\/p>\n","protected":false},"author":1,"featured_media":206,"comment_status":"open","ping_status":"open","sticky":false,"template":"","format":"standard","meta":{"ngg_post_thumbnail":0,"footnotes":""},"categories":[6],"tags":[],"class_list":["post-207","post","type-post","status-publish","format-standard","has-post-thumbnail","hentry","category-novidades"],"_links":{"self":[{"href":"https:\/\/assemit.com.br\/novo\/index.php?rest_route=\/wp\/v2\/posts\/207","targetHints":{"allow":["GET"]}}],"collection":[{"href":"https:\/\/assemit.com.br\/novo\/index.php?rest_route=\/wp\/v2\/posts"}],"about":[{"href":"https:\/\/assemit.com.br\/novo\/index.php?rest_route=\/wp\/v2\/types\/post"}],"author":[{"embeddable":true,"href":"https:\/\/assemit.com.br\/novo\/index.php?rest_route=\/wp\/v2\/users\/1"}],"replies":[{"embeddable":true,"href":"https:\/\/assemit.com.br\/novo\/index.php?rest_route=%2Fwp%2Fv2%2Fcomments&post=207"}],"version-history":[{"count":0,"href":"https:\/\/assemit.com.br\/novo\/index.php?rest_route=\/wp\/v2\/posts\/207\/revisions"}],"wp:featuredmedia":[{"embeddable":true,"href":"https:\/\/assemit.com.br\/novo\/index.php?rest_route=\/wp\/v2\/media\/206"}],"wp:attachment":[{"href":"https:\/\/assemit.com.br\/novo\/index.php?rest_route=%2Fwp%2Fv2%2Fmedia&parent=207"}],"wp:term":[{"taxonomy":"category","embeddable":true,"href":"https:\/\/assemit.com.br\/novo\/index.php?rest_route=%2Fwp%2Fv2%2Fcategories&post=207"},{"taxonomy":"post_tag","embeddable":true,"href":"https:\/\/assemit.com.br\/novo\/index.php?rest_route=%2Fwp%2Fv2%2Ftags&post=207"}],"curies":[{"name":"wp","href":"https:\/\/api.w.org\/{rel}","templated":true}]}}