{"id":2081,"date":"2018-10-10T14:42:05","date_gmt":"2018-10-10T17:42:05","guid":{"rendered":"http:\/\/www.assemit.com.br\/novo2017\/?p=2081"},"modified":"2018-10-10T14:42:05","modified_gmt":"2018-10-10T17:42:05","slug":"nucleo-do-jovem-empreendedor-2","status":"publish","type":"post","link":"https:\/\/assemit.com.br\/novo\/?p=2081","title":{"rendered":"N\u00facleo do Jovem Empreendedor"},"content":{"rendered":"<p><img loading=\"lazy\" decoding=\"async\" class=\"aligncenter wp-image-2082 size-full\" src=\"http:\/\/www.assemit.com.br\/novo2017\/wp-content\/uploads\/2018\/10\/3.jpg\" alt=\"\" width=\"502\" height=\"376\" srcset=\"https:\/\/assemit.com.br\/novo\/wp-content\/uploads\/2018\/10\/3.jpg 502w, https:\/\/assemit.com.br\/novo\/wp-content\/uploads\/2018\/10\/3-300x225.jpg 300w\" sizes=\"auto, (max-width: 502px) 100vw, 502px\" \/><\/p>\n<p>E ontem (09\/10) foi realizada a reuni\u00e3o do N\u00facleo do Jovem Empreendedor (JEI). Com a recep\u00e7\u00e3o calorosa dos novos integrantes, foi feita uma din\u00e2mica \u201cTEIA\u201d com o objetivo de refor\u00e7ar a import\u00e2ncia da participa\u00e7\u00e3o de cada membro no grupo. Momento inspirador tamb\u00e9m para quem participou do ERJE (Encontro Regional do Jovem Empreendedor) em s\u00e3o Jo\u00e3o do Oeste e compartilhou os conhecimentos e experi\u00eancias adquiridas no encontro com o grande grupo. Ap\u00f3s foram tratados assuntos gerais e encerrou-se o momento com a degusta\u00e7\u00e3o de um gostoso bolo em comemora\u00e7\u00e3o aos 07 anos de atua\u00e7\u00e3o do N\u00facleo.<\/p>\n","protected":false},"excerpt":{"rendered":"<p>E ontem (09\/10) foi realizada a reuni\u00e3o do N\u00facleo do Jovem Empreendedor (JEI). Com a recep\u00e7\u00e3o calorosa dos novos integrantes, foi feita uma din\u00e2mica \u201cTEIA\u201d com o objetivo de refor\u00e7ar a import\u00e2ncia da participa\u00e7\u00e3o de cada membro no grupo. Momento [&hellip;]<\/p>\n","protected":false},"author":5,"featured_media":0,"comment_status":"closed","ping_status":"closed","sticky":false,"template":"","format":"standard","meta":{"ngg_post_thumbnail":0,"footnotes":""},"categories":[6],"tags":[41,42],"class_list":["post-2081","post","type-post","status-publish","format-standard","hentry","category-novidades","tag-assemit","tag-nucleo-do-jovem-empreendedor"],"_links":{"self":[{"href":"https:\/\/assemit.com.br\/novo\/index.php?rest_route=\/wp\/v2\/posts\/2081","targetHints":{"allow":["GET"]}}],"collection":[{"href":"https:\/\/assemit.com.br\/novo\/index.php?rest_route=\/wp\/v2\/posts"}],"about":[{"href":"https:\/\/assemit.com.br\/novo\/index.php?rest_route=\/wp\/v2\/types\/post"}],"author":[{"embeddable":true,"href":"https:\/\/assemit.com.br\/novo\/index.php?rest_route=\/wp\/v2\/users\/5"}],"replies":[{"embeddable":true,"href":"https:\/\/assemit.com.br\/novo\/index.php?rest_route=%2Fwp%2Fv2%2Fcomments&post=2081"}],"version-history":[{"count":1,"href":"https:\/\/assemit.com.br\/novo\/index.php?rest_route=\/wp\/v2\/posts\/2081\/revisions"}],"predecessor-version":[{"id":2083,"href":"https:\/\/assemit.com.br\/novo\/index.php?rest_route=\/wp\/v2\/posts\/2081\/revisions\/2083"}],"wp:attachment":[{"href":"https:\/\/assemit.com.br\/novo\/index.php?rest_route=%2Fwp%2Fv2%2Fmedia&parent=2081"}],"wp:term":[{"taxonomy":"category","embeddable":true,"href":"https:\/\/assemit.com.br\/novo\/index.php?rest_route=%2Fwp%2Fv2%2Fcategories&post=2081"},{"taxonomy":"post_tag","embeddable":true,"href":"https:\/\/assemit.com.br\/novo\/index.php?rest_route=%2Fwp%2Fv2%2Ftags&post=2081"}],"curies":[{"name":"wp","href":"https:\/\/api.w.org\/{rel}","templated":true}]}}