{"id":2084,"date":"2018-10-10T14:48:49","date_gmt":"2018-10-10T17:48:49","guid":{"rendered":"http:\/\/www.assemit.com.br\/novo2017\/?p=2084"},"modified":"2018-10-10T14:49:33","modified_gmt":"2018-10-10T17:49:33","slug":"concurso-de-ambientacao-germanica-2","status":"publish","type":"post","link":"https:\/\/assemit.com.br\/novo\/?p=2084","title":{"rendered":"Concurso de Ambienta\u00e7\u00e3o Germ\u00e2nica"},"content":{"rendered":"<p><img loading=\"lazy\" decoding=\"async\" class=\"aligncenter wp-image-2085 \" src=\"http:\/\/www.assemit.com.br\/novo2017\/wp-content\/uploads\/2018\/10\/Design-sem-nome.jpg\" alt=\"\" width=\"500\" height=\"479\" srcset=\"https:\/\/assemit.com.br\/novo\/wp-content\/uploads\/2018\/10\/Design-sem-nome.jpg 787w, https:\/\/assemit.com.br\/novo\/wp-content\/uploads\/2018\/10\/Design-sem-nome-300x288.jpg 300w, https:\/\/assemit.com.br\/novo\/wp-content\/uploads\/2018\/10\/Design-sem-nome-768x737.jpg 768w, https:\/\/assemit.com.br\/novo\/wp-content\/uploads\/2018\/10\/Design-sem-nome-619x594.jpg 619w\" sizes=\"auto, (max-width: 500px) 100vw, 500px\" \/><\/p>\n<p>Na manh\u00e3 de hoje (10\/10), foi realizado o sorteio das empresas participantes do Concurso de Ambienta\u00e7\u00e3o Germ\u00e2nica. As empresas contempladas foram:<br \/>\nRafael L\u00e3s e Linhas<br \/>\nPosto L\u00edder<br \/>\nRequinte Noivas<br \/>\nAgro Maldaner<\/p>\n","protected":false},"excerpt":{"rendered":"<p>Na manh\u00e3 de hoje (10\/10), foi realizado o sorteio das empresas participantes do Concurso de Ambienta\u00e7\u00e3o Germ\u00e2nica. As empresas contempladas foram: Rafael L\u00e3s e Linhas Posto L\u00edder Requinte Noivas Agro Maldaner<\/p>\n","protected":false},"author":5,"featured_media":0,"comment_status":"closed","ping_status":"closed","sticky":false,"template":"","format":"standard","meta":{"ngg_post_thumbnail":0,"footnotes":""},"categories":[6],"tags":[41,55,48],"class_list":["post-2084","post","type-post","status-publish","format-standard","hentry","category-novidades","tag-assemit","tag-concurso-de-ambientacao-germanica","tag-oktoberfest-2018"],"_links":{"self":[{"href":"https:\/\/assemit.com.br\/novo\/index.php?rest_route=\/wp\/v2\/posts\/2084","targetHints":{"allow":["GET"]}}],"collection":[{"href":"https:\/\/assemit.com.br\/novo\/index.php?rest_route=\/wp\/v2\/posts"}],"about":[{"href":"https:\/\/assemit.com.br\/novo\/index.php?rest_route=\/wp\/v2\/types\/post"}],"author":[{"embeddable":true,"href":"https:\/\/assemit.com.br\/novo\/index.php?rest_route=\/wp\/v2\/users\/5"}],"replies":[{"embeddable":true,"href":"https:\/\/assemit.com.br\/novo\/index.php?rest_route=%2Fwp%2Fv2%2Fcomments&post=2084"}],"version-history":[{"count":2,"href":"https:\/\/assemit.com.br\/novo\/index.php?rest_route=\/wp\/v2\/posts\/2084\/revisions"}],"predecessor-version":[{"id":2087,"href":"https:\/\/assemit.com.br\/novo\/index.php?rest_route=\/wp\/v2\/posts\/2084\/revisions\/2087"}],"wp:attachment":[{"href":"https:\/\/assemit.com.br\/novo\/index.php?rest_route=%2Fwp%2Fv2%2Fmedia&parent=2084"}],"wp:term":[{"taxonomy":"category","embeddable":true,"href":"https:\/\/assemit.com.br\/novo\/index.php?rest_route=%2Fwp%2Fv2%2Fcategories&post=2084"},{"taxonomy":"post_tag","embeddable":true,"href":"https:\/\/assemit.com.br\/novo\/index.php?rest_route=%2Fwp%2Fv2%2Ftags&post=2084"}],"curies":[{"name":"wp","href":"https:\/\/api.w.org\/{rel}","templated":true}]}}