{"id":2088,"date":"2018-10-15T11:26:50","date_gmt":"2018-10-15T14:26:50","guid":{"rendered":"http:\/\/www.assemit.com.br\/novo2017\/?p=2088"},"modified":"2018-10-15T11:26:50","modified_gmt":"2018-10-15T14:26:50","slug":"desfile-da-oktoberfest-2","status":"publish","type":"post","link":"https:\/\/assemit.com.br\/novo\/?p=2088","title":{"rendered":"Desfile da Oktoberfest"},"content":{"rendered":"<p><img loading=\"lazy\" decoding=\"async\" class=\"aligncenter wp-image-2089 \" src=\"http:\/\/www.assemit.com.br\/novo2017\/wp-content\/uploads\/2018\/10\/1-2002.jpg\" alt=\"\" width=\"674\" height=\"449\" srcset=\"https:\/\/assemit.com.br\/novo\/wp-content\/uploads\/2018\/10\/1-2002.jpg 960w, https:\/\/assemit.com.br\/novo\/wp-content\/uploads\/2018\/10\/1-2002-300x200.jpg 300w, https:\/\/assemit.com.br\/novo\/wp-content\/uploads\/2018\/10\/1-2002-768x512.jpg 768w, https:\/\/assemit.com.br\/novo\/wp-content\/uploads\/2018\/10\/1-2002-619x413.jpg 619w\" sizes=\"auto, (max-width: 674px) 100vw, 674px\" \/><\/p>\n<p>Na \u00faltima sexta-feira, 12\/10, a Assemit junto com seus diretores, nucleados, empresas e Dia D Deutschland participaram do Desfile Cultural da Oktoberfest, que junto a v\u00e1rios outros grupos, entidades e empresas fizeram um resgate e contaram a hist\u00f3ria dos principais momentos e fatos dos 40 anos de Oktoberfest em Itapiranga. A Assemit ficou respons\u00e1vel por representar e organizar, junto \u00e0s empresas, os anos de 2002 \u00e0 2007, contando com a presen\u00e7a das Soberanas dos respectivos anos.<\/p>\n","protected":false},"excerpt":{"rendered":"<p>Na \u00faltima sexta-feira, 12\/10, a Assemit junto com seus diretores, nucleados, empresas e Dia D Deutschland participaram do Desfile Cultural da Oktoberfest, que junto a v\u00e1rios outros grupos, entidades e empresas fizeram um resgate e contaram a hist\u00f3ria dos principais [&hellip;]<\/p>\n","protected":false},"author":5,"featured_media":0,"comment_status":"closed","ping_status":"closed","sticky":false,"template":"","format":"standard","meta":{"ngg_post_thumbnail":0,"footnotes":""},"categories":[6],"tags":[56,41,57],"class_list":["post-2088","post","type-post","status-publish","format-standard","hentry","category-novidades","tag-40-oktoberfest","tag-assemit","tag-desfile-oktoberfest"],"_links":{"self":[{"href":"https:\/\/assemit.com.br\/novo\/index.php?rest_route=\/wp\/v2\/posts\/2088","targetHints":{"allow":["GET"]}}],"collection":[{"href":"https:\/\/assemit.com.br\/novo\/index.php?rest_route=\/wp\/v2\/posts"}],"about":[{"href":"https:\/\/assemit.com.br\/novo\/index.php?rest_route=\/wp\/v2\/types\/post"}],"author":[{"embeddable":true,"href":"https:\/\/assemit.com.br\/novo\/index.php?rest_route=\/wp\/v2\/users\/5"}],"replies":[{"embeddable":true,"href":"https:\/\/assemit.com.br\/novo\/index.php?rest_route=%2Fwp%2Fv2%2Fcomments&post=2088"}],"version-history":[{"count":1,"href":"https:\/\/assemit.com.br\/novo\/index.php?rest_route=\/wp\/v2\/posts\/2088\/revisions"}],"predecessor-version":[{"id":2090,"href":"https:\/\/assemit.com.br\/novo\/index.php?rest_route=\/wp\/v2\/posts\/2088\/revisions\/2090"}],"wp:attachment":[{"href":"https:\/\/assemit.com.br\/novo\/index.php?rest_route=%2Fwp%2Fv2%2Fmedia&parent=2088"}],"wp:term":[{"taxonomy":"category","embeddable":true,"href":"https:\/\/assemit.com.br\/novo\/index.php?rest_route=%2Fwp%2Fv2%2Fcategories&post=2088"},{"taxonomy":"post_tag","embeddable":true,"href":"https:\/\/assemit.com.br\/novo\/index.php?rest_route=%2Fwp%2Fv2%2Ftags&post=2088"}],"curies":[{"name":"wp","href":"https:\/\/api.w.org\/{rel}","templated":true}]}}