{"id":2095,"date":"2018-10-23T09:25:50","date_gmt":"2018-10-23T12:25:50","guid":{"rendered":"http:\/\/www.assemit.com.br\/novo2017\/?p=2095"},"modified":"2018-10-23T09:25:50","modified_gmt":"2018-10-23T12:25:50","slug":"outubro-rosa-e-novembro-azul-2","status":"publish","type":"post","link":"https:\/\/assemit.com.br\/novo\/?p=2095","title":{"rendered":"Outubro Rosa e Novembro Azul"},"content":{"rendered":"<p><img loading=\"lazy\" decoding=\"async\" class=\"aligncenter wp-image-2096 \" src=\"http:\/\/www.assemit.com.br\/novo2017\/wp-content\/uploads\/2018\/10\/44346296_2241351019435902_6136833539506700288_n.jpg\" alt=\"\" width=\"527\" height=\"527\" srcset=\"https:\/\/assemit.com.br\/novo\/wp-content\/uploads\/2018\/10\/44346296_2241351019435902_6136833539506700288_n.jpg 800w, https:\/\/assemit.com.br\/novo\/wp-content\/uploads\/2018\/10\/44346296_2241351019435902_6136833539506700288_n-150x150.jpg 150w, https:\/\/assemit.com.br\/novo\/wp-content\/uploads\/2018\/10\/44346296_2241351019435902_6136833539506700288_n-300x300.jpg 300w, https:\/\/assemit.com.br\/novo\/wp-content\/uploads\/2018\/10\/44346296_2241351019435902_6136833539506700288_n-768x768.jpg 768w, https:\/\/assemit.com.br\/novo\/wp-content\/uploads\/2018\/10\/44346296_2241351019435902_6136833539506700288_n-619x619.jpg 619w\" sizes=\"auto, (max-width: 527px) 100vw, 527px\" \/><\/p>\n<p>Outubro Rosa e Novembro Azul s\u00e3o marcados por a\u00e7\u00f5es voltadas para a Sa\u00fade.<br \/>\nO N\u00facleo da Mulher Empres\u00e1ria e o N\u00facleo dos Contadores, com ajuda de parceiros (Uceff, Prefeitura e Assemit), estar\u00e3o promovendo a Caminhada e Pedalada com objetivo de conscientizar a comunidade para pr\u00e1tica da preven\u00e7\u00e3o \u00e0 sa\u00fade.<br \/>\nEstendemos o convite \u00e0 toda comunidade para um momento de reflex\u00e3o no dia 18 de novembro, com\u00a0<span class=\"text_exposed_show\">concentra\u00e7\u00e3o na Pra\u00e7a dos Pioneiros a partir das 09:00hs.<br \/>\nAl\u00e9m da caminhada e pedalada, ter\u00e3o atrativos para quem ficar na pra\u00e7a.<br \/>\nO momento servir\u00e1 tamb\u00e9m para uma a\u00e7\u00e3o solid\u00e1ria, onde ser\u00e3o arrecadados produtos de limpeza para serem doados a Casa de Apoio de s\u00e3o Miguel de Oeste.<br \/>\nReserve esta data e prestigie o nosso evento!<br \/>\n\u201cUma simples atitude pode mudar o rumo de sua hist\u00f3ria\u201d<\/span><\/p>\n","protected":false},"excerpt":{"rendered":"<p>Outubro Rosa e Novembro Azul s\u00e3o marcados por a\u00e7\u00f5es voltadas para a Sa\u00fade. O N\u00facleo da Mulher Empres\u00e1ria e o N\u00facleo dos Contadores, com ajuda de parceiros (Uceff, Prefeitura e Assemit), estar\u00e3o promovendo a Caminhada e Pedalada com objetivo de [&hellip;]<\/p>\n","protected":false},"author":5,"featured_media":0,"comment_status":"closed","ping_status":"closed","sticky":false,"template":"","format":"standard","meta":{"ngg_post_thumbnail":0,"footnotes":""},"categories":[6],"tags":[61,60,44,62],"class_list":["post-2095","post","type-post","status-publish","format-standard","hentry","category-novidades","tag-caminhada","tag-novembro-azul","tag-outubro-rosa","tag-pedalada"],"_links":{"self":[{"href":"https:\/\/assemit.com.br\/novo\/index.php?rest_route=\/wp\/v2\/posts\/2095","targetHints":{"allow":["GET"]}}],"collection":[{"href":"https:\/\/assemit.com.br\/novo\/index.php?rest_route=\/wp\/v2\/posts"}],"about":[{"href":"https:\/\/assemit.com.br\/novo\/index.php?rest_route=\/wp\/v2\/types\/post"}],"author":[{"embeddable":true,"href":"https:\/\/assemit.com.br\/novo\/index.php?rest_route=\/wp\/v2\/users\/5"}],"replies":[{"embeddable":true,"href":"https:\/\/assemit.com.br\/novo\/index.php?rest_route=%2Fwp%2Fv2%2Fcomments&post=2095"}],"version-history":[{"count":1,"href":"https:\/\/assemit.com.br\/novo\/index.php?rest_route=\/wp\/v2\/posts\/2095\/revisions"}],"predecessor-version":[{"id":2097,"href":"https:\/\/assemit.com.br\/novo\/index.php?rest_route=\/wp\/v2\/posts\/2095\/revisions\/2097"}],"wp:attachment":[{"href":"https:\/\/assemit.com.br\/novo\/index.php?rest_route=%2Fwp%2Fv2%2Fmedia&parent=2095"}],"wp:term":[{"taxonomy":"category","embeddable":true,"href":"https:\/\/assemit.com.br\/novo\/index.php?rest_route=%2Fwp%2Fv2%2Fcategories&post=2095"},{"taxonomy":"post_tag","embeddable":true,"href":"https:\/\/assemit.com.br\/novo\/index.php?rest_route=%2Fwp%2Fv2%2Ftags&post=2095"}],"curies":[{"name":"wp","href":"https:\/\/api.w.org\/{rel}","templated":true}]}}