{"id":2098,"date":"2018-10-23T09:29:49","date_gmt":"2018-10-23T12:29:49","guid":{"rendered":"http:\/\/www.assemit.com.br\/novo2017\/?p=2098"},"modified":"2018-10-23T09:29:49","modified_gmt":"2018-10-23T12:29:49","slug":"visita-tecnica-pro-pvc","status":"publish","type":"post","link":"https:\/\/assemit.com.br\/novo\/?p=2098","title":{"rendered":"Visita T\u00e9cnica Pr\u00f3-PVC"},"content":{"rendered":"<p><img loading=\"lazy\" decoding=\"async\" class=\"aligncenter wp-image-2099 \" src=\"http:\/\/www.assemit.com.br\/novo2017\/wp-content\/uploads\/2018\/10\/1-3.jpg\" alt=\"\" width=\"539\" height=\"305\" srcset=\"https:\/\/assemit.com.br\/novo\/wp-content\/uploads\/2018\/10\/1-3.jpg 530w, https:\/\/assemit.com.br\/novo\/wp-content\/uploads\/2018\/10\/1-3-300x170.jpg 300w\" sizes=\"auto, (max-width: 539px) 100vw, 539px\" \/><\/p>\n<p>Com foco cont\u00ednuo na busca pelo conhecimento, o N\u00facleo da Mulher Empres\u00e1ria e o N\u00facleo do Jovem Empreendedor, realizaram ontem (22\/10) uma visita t\u00e9cnica na empresa Pr\u00f3-PVC de S\u00e3o Miguel do Oeste.<br \/>\nCom uma receptividade fant\u00e1stica, foi apresentada a hist\u00f3ria da empresa pelos propriet\u00e1rios e colaboradores, com explana\u00e7\u00e3o de todas as dificuldades e desafios que foram necess\u00e1rios desde a implanta\u00e7\u00e3o da empresa at\u00e9 os dias atuais.<br \/>\nGarantindo sempre um produto com alta qualidade e a satisfa\u00e7\u00e3o do cliente, Luc\u00ed Bettanin (propriet\u00e1ria), destaca estas as premissas b\u00e1sicas para o sucesso.<br \/>\nGratid\u00e3o \u00e0 Pr\u00f3-PVC pela oportunidade desta troca de conhecimentos. Desejos de sucesso no empreendimento.<\/p>\n","protected":false},"excerpt":{"rendered":"<p>Com foco cont\u00ednuo na busca pelo conhecimento, o N\u00facleo da Mulher Empres\u00e1ria e o N\u00facleo do Jovem Empreendedor, realizaram ontem (22\/10) uma visita t\u00e9cnica na empresa Pr\u00f3-PVC de S\u00e3o Miguel do Oeste. Com uma receptividade fant\u00e1stica, foi apresentada a hist\u00f3ria [&hellip;]<\/p>\n","protected":false},"author":5,"featured_media":0,"comment_status":"closed","ping_status":"closed","sticky":false,"template":"","format":"standard","meta":{"ngg_post_thumbnail":0,"footnotes":""},"categories":[6],"tags":[64,43,42,63],"class_list":["post-2098","post","type-post","status-publish","format-standard","hentry","category-novidades","tag-luci-bettanin","tag-nucleo-da-mulher-empresaria","tag-nucleo-do-jovem-empreendedor","tag-pro-pvc"],"_links":{"self":[{"href":"https:\/\/assemit.com.br\/novo\/index.php?rest_route=\/wp\/v2\/posts\/2098","targetHints":{"allow":["GET"]}}],"collection":[{"href":"https:\/\/assemit.com.br\/novo\/index.php?rest_route=\/wp\/v2\/posts"}],"about":[{"href":"https:\/\/assemit.com.br\/novo\/index.php?rest_route=\/wp\/v2\/types\/post"}],"author":[{"embeddable":true,"href":"https:\/\/assemit.com.br\/novo\/index.php?rest_route=\/wp\/v2\/users\/5"}],"replies":[{"embeddable":true,"href":"https:\/\/assemit.com.br\/novo\/index.php?rest_route=%2Fwp%2Fv2%2Fcomments&post=2098"}],"version-history":[{"count":1,"href":"https:\/\/assemit.com.br\/novo\/index.php?rest_route=\/wp\/v2\/posts\/2098\/revisions"}],"predecessor-version":[{"id":2100,"href":"https:\/\/assemit.com.br\/novo\/index.php?rest_route=\/wp\/v2\/posts\/2098\/revisions\/2100"}],"wp:attachment":[{"href":"https:\/\/assemit.com.br\/novo\/index.php?rest_route=%2Fwp%2Fv2%2Fmedia&parent=2098"}],"wp:term":[{"taxonomy":"category","embeddable":true,"href":"https:\/\/assemit.com.br\/novo\/index.php?rest_route=%2Fwp%2Fv2%2Fcategories&post=2098"},{"taxonomy":"post_tag","embeddable":true,"href":"https:\/\/assemit.com.br\/novo\/index.php?rest_route=%2Fwp%2Fv2%2Ftags&post=2098"}],"curies":[{"name":"wp","href":"https:\/\/api.w.org\/{rel}","templated":true}]}}