{"id":2101,"date":"2018-10-24T08:54:49","date_gmt":"2018-10-24T11:54:49","guid":{"rendered":"http:\/\/www.assemit.com.br\/novo2017\/?p=2101"},"modified":"2018-10-24T08:54:49","modified_gmt":"2018-10-24T11:54:49","slug":"assembleia-com-jantar-tipico","status":"publish","type":"post","link":"https:\/\/assemit.com.br\/novo\/?p=2101","title":{"rendered":"Assembleia com Jantar T\u00edpico"},"content":{"rendered":"<p><img loading=\"lazy\" decoding=\"async\" class=\"aligncenter wp-image-2102 size-full\" src=\"http:\/\/www.assemit.com.br\/novo2017\/wp-content\/uploads\/2018\/10\/4-1.jpg\" alt=\"\" width=\"529\" height=\"294\" srcset=\"https:\/\/assemit.com.br\/novo\/wp-content\/uploads\/2018\/10\/4-1.jpg 529w, https:\/\/assemit.com.br\/novo\/wp-content\/uploads\/2018\/10\/4-1-300x167.jpg 300w\" sizes=\"auto, (max-width: 529px) 100vw, 529px\" \/><\/p>\n<p>A Assemit realizou na noite de ontem (23\/10), Assembleia com jantar t\u00edpico em comemora\u00e7\u00e3o a Oktoberfest, no Manchini Eventos em Linha Laranjeira Alta. Na assembleia foram apresentados todos os novos associados desde 15\/11\/17; convite para o Baile da Assemit, que ser\u00e1 no dia 14\/11; divulga\u00e7\u00e3o da Oficina de Embalagens Customizadas, que ser\u00e1 realizado no dia 19\/11; Convite para o Evento do Protesto Expresso, no dia 21\/11; apresenta\u00e7\u00e3o da nova gerente do Banco do Brasil, Gisele Valandro e apresenta\u00e7\u00e3o\/convite da Ariele Schneider para o projeto de recolha de troco solid\u00e1rio para compra de livros para a Biblioteca Rui Barbosa. Em seguida, todos foram convidados a permanecer para o jantar t\u00edpico.<\/p>\n","protected":false},"excerpt":{"rendered":"<p>A Assemit realizou na noite de ontem (23\/10), Assembleia com jantar t\u00edpico em comemora\u00e7\u00e3o a Oktoberfest, no Manchini Eventos em Linha Laranjeira Alta. Na assembleia foram apresentados todos os novos associados desde 15\/11\/17; convite para o Baile da Assemit, que [&hellip;]<\/p>\n","protected":false},"author":5,"featured_media":0,"comment_status":"closed","ping_status":"closed","sticky":false,"template":"","format":"standard","meta":{"ngg_post_thumbnail":0,"footnotes":""},"categories":[6],"tags":[65,41,66,46],"class_list":["post-2101","post","type-post","status-publish","format-standard","hentry","category-novidades","tag-assembleia","tag-assemit","tag-manchini-eventos","tag-oktoberfest"],"_links":{"self":[{"href":"https:\/\/assemit.com.br\/novo\/index.php?rest_route=\/wp\/v2\/posts\/2101","targetHints":{"allow":["GET"]}}],"collection":[{"href":"https:\/\/assemit.com.br\/novo\/index.php?rest_route=\/wp\/v2\/posts"}],"about":[{"href":"https:\/\/assemit.com.br\/novo\/index.php?rest_route=\/wp\/v2\/types\/post"}],"author":[{"embeddable":true,"href":"https:\/\/assemit.com.br\/novo\/index.php?rest_route=\/wp\/v2\/users\/5"}],"replies":[{"embeddable":true,"href":"https:\/\/assemit.com.br\/novo\/index.php?rest_route=%2Fwp%2Fv2%2Fcomments&post=2101"}],"version-history":[{"count":1,"href":"https:\/\/assemit.com.br\/novo\/index.php?rest_route=\/wp\/v2\/posts\/2101\/revisions"}],"predecessor-version":[{"id":2103,"href":"https:\/\/assemit.com.br\/novo\/index.php?rest_route=\/wp\/v2\/posts\/2101\/revisions\/2103"}],"wp:attachment":[{"href":"https:\/\/assemit.com.br\/novo\/index.php?rest_route=%2Fwp%2Fv2%2Fmedia&parent=2101"}],"wp:term":[{"taxonomy":"category","embeddable":true,"href":"https:\/\/assemit.com.br\/novo\/index.php?rest_route=%2Fwp%2Fv2%2Fcategories&post=2101"},{"taxonomy":"post_tag","embeddable":true,"href":"https:\/\/assemit.com.br\/novo\/index.php?rest_route=%2Fwp%2Fv2%2Ftags&post=2101"}],"curies":[{"name":"wp","href":"https:\/\/api.w.org\/{rel}","templated":true}]}}