{"id":2111,"date":"2018-10-26T13:59:17","date_gmt":"2018-10-26T16:59:17","guid":{"rendered":"http:\/\/www.assemit.com.br\/novo2017\/?p=2111"},"modified":"2018-10-26T14:01:50","modified_gmt":"2018-10-26T17:01:50","slug":"efrait-2019-2","status":"publish","type":"post","link":"https:\/\/assemit.com.br\/novo\/?p=2111","title":{"rendered":"&#x1f449; Shows da 10\u00aa Efrait ser\u00e3o anunciados no dia 1\u00ba de novembro"},"content":{"rendered":"<p><img loading=\"lazy\" decoding=\"async\" class=\"aligncenter wp-image-2112 \" src=\"http:\/\/www.assemit.com.br\/novo2017\/wp-content\/uploads\/2018\/10\/44863297_1908859872541412_3185935521025097728_n.jpg\" alt=\"\" width=\"730\" height=\"410\" srcset=\"https:\/\/assemit.com.br\/novo\/wp-content\/uploads\/2018\/10\/44863297_1908859872541412_3185935521025097728_n.jpg 960w, https:\/\/assemit.com.br\/novo\/wp-content\/uploads\/2018\/10\/44863297_1908859872541412_3185935521025097728_n-300x168.jpg 300w, https:\/\/assemit.com.br\/novo\/wp-content\/uploads\/2018\/10\/44863297_1908859872541412_3185935521025097728_n-768x431.jpg 768w, https:\/\/assemit.com.br\/novo\/wp-content\/uploads\/2018\/10\/44863297_1908859872541412_3185935521025097728_n-619x348.jpg 619w\" sizes=\"auto, (max-width: 730px) 100vw, 730px\" \/><\/p>\n<div id=\"id_5bd34629c74134a56472827\" class=\"text_exposed_root text_exposed\">\n<p>A Exposi\u00e7\u00e3o Feira Agropecu\u00e1ria Comercial e Industrial de Itapiranga acontece de 3 a 5 de maio de 2019. O primeiro evento oficial da Efrait 2019 \u2013 que neste ano chega \u00e0 sua 10\u00aa edi\u00e7\u00e3o, acontece no pr\u00f3ximo dia 1\u00ba, quinta-feira, no audit\u00f3rio da Assemit. O objetivo \u00e9 reunir a organiza\u00e7\u00e3o e imprensa regional, para apresentar a comiss\u00e3o organ<span class=\"text_exposed_show\">izadora da Efrait, al\u00e9m de marcar a abertura da venda dos estandes para expositores. Tamb\u00e9m ser\u00e3o anunciados os shows, atra\u00e7\u00f5es muito aguardadas pelo p\u00fablico e que prometem surpreender. Durante o evento, haver\u00e1 transmiss\u00e3o ao vivo pelo Facebook, na p\u00e1gina Efrait Itapiranga. Os shows e as vendas de passaportes e ingressos ser\u00e3o amplamente divulgados nos canais da feira e em toda a imprensa.<\/span><\/p>\n<\/div>\n<p>&nbsp;<\/p>\n","protected":false},"excerpt":{"rendered":"<p>A Exposi\u00e7\u00e3o Feira Agropecu\u00e1ria Comercial e Industrial de Itapiranga acontece de 3 a 5 de maio de 2019. O primeiro evento oficial da Efrait 2019 \u2013 que neste ano chega \u00e0 sua 10\u00aa edi\u00e7\u00e3o, acontece no pr\u00f3ximo dia 1\u00ba, quinta-feira, [&hellip;]<\/p>\n","protected":false},"author":5,"featured_media":0,"comment_status":"closed","ping_status":"closed","sticky":false,"template":"","format":"standard","meta":{"ngg_post_thumbnail":0,"footnotes":""},"categories":[6],"tags":[41,72],"class_list":["post-2111","post","type-post","status-publish","format-standard","hentry","category-novidades","tag-assemit","tag-efrait"],"_links":{"self":[{"href":"https:\/\/assemit.com.br\/novo\/index.php?rest_route=\/wp\/v2\/posts\/2111","targetHints":{"allow":["GET"]}}],"collection":[{"href":"https:\/\/assemit.com.br\/novo\/index.php?rest_route=\/wp\/v2\/posts"}],"about":[{"href":"https:\/\/assemit.com.br\/novo\/index.php?rest_route=\/wp\/v2\/types\/post"}],"author":[{"embeddable":true,"href":"https:\/\/assemit.com.br\/novo\/index.php?rest_route=\/wp\/v2\/users\/5"}],"replies":[{"embeddable":true,"href":"https:\/\/assemit.com.br\/novo\/index.php?rest_route=%2Fwp%2Fv2%2Fcomments&post=2111"}],"version-history":[{"count":3,"href":"https:\/\/assemit.com.br\/novo\/index.php?rest_route=\/wp\/v2\/posts\/2111\/revisions"}],"predecessor-version":[{"id":2115,"href":"https:\/\/assemit.com.br\/novo\/index.php?rest_route=\/wp\/v2\/posts\/2111\/revisions\/2115"}],"wp:attachment":[{"href":"https:\/\/assemit.com.br\/novo\/index.php?rest_route=%2Fwp%2Fv2%2Fmedia&parent=2111"}],"wp:term":[{"taxonomy":"category","embeddable":true,"href":"https:\/\/assemit.com.br\/novo\/index.php?rest_route=%2Fwp%2Fv2%2Fcategories&post=2111"},{"taxonomy":"post_tag","embeddable":true,"href":"https:\/\/assemit.com.br\/novo\/index.php?rest_route=%2Fwp%2Fv2%2Ftags&post=2111"}],"curies":[{"name":"wp","href":"https:\/\/api.w.org\/{rel}","templated":true}]}}