{"id":2152,"date":"2018-11-01T06:20:45","date_gmt":"2018-11-01T09:20:45","guid":{"rendered":"http:\/\/www.assemit.com.br\/novo2017\/?p=2152"},"modified":"2021-03-15T11:07:06","modified_gmt":"2021-03-15T14:07:06","slug":"10a-efrait-anuncia-shows-e-abre-venda-de-estandes","status":"publish","type":"post","link":"https:\/\/assemit.com.br\/novo\/?p=2152","title":{"rendered":"10\u00aa Efrait anuncia shows e abre venda de estandes"},"content":{"rendered":"<p><a href=\"http:\/\/www.assemit.com.br\/novo2017\/wp-content\/uploads\/2018\/11\/M\u00eddia-Insta-Lan\u00e7amento-Showa.jpg\"><img loading=\"lazy\" decoding=\"async\" class=\"alignnone wp-image-2155 size-full\" src=\"http:\/\/www.assemit.com.br\/novo2017\/wp-content\/uploads\/2018\/11\/M\u00eddia-Insta-Lan\u00e7amento-Showa.jpg\" alt=\"\" width=\"2364\" height=\"2364\" srcset=\"https:\/\/assemit.com.br\/novo\/wp-content\/uploads\/2018\/11\/M\u00eddia-Insta-Lan\u00e7amento-Showa.jpg 2364w, https:\/\/assemit.com.br\/novo\/wp-content\/uploads\/2018\/11\/M\u00eddia-Insta-Lan\u00e7amento-Showa-150x150.jpg 150w, https:\/\/assemit.com.br\/novo\/wp-content\/uploads\/2018\/11\/M\u00eddia-Insta-Lan\u00e7amento-Showa-300x300.jpg 300w, https:\/\/assemit.com.br\/novo\/wp-content\/uploads\/2018\/11\/M\u00eddia-Insta-Lan\u00e7amento-Showa-768x768.jpg 768w, https:\/\/assemit.com.br\/novo\/wp-content\/uploads\/2018\/11\/M\u00eddia-Insta-Lan\u00e7amento-Showa-1024x1024.jpg 1024w, https:\/\/assemit.com.br\/novo\/wp-content\/uploads\/2018\/11\/M\u00eddia-Insta-Lan\u00e7amento-Showa-619x619.jpg 619w\" sizes=\"auto, (max-width: 2364px) 100vw, 2364px\" \/><\/a><\/p>\n<p>Marcos e Belutti, Papas da L\u00edngua, Roger e Gustavo e Teodoro e Sampaio ser\u00e3o as atra\u00e7\u00f5es principais das noites de shows na 10\u00aa <span class=\"il\">Efrait<\/span>. A Feira Agropecu\u00e1ria, Comercial e Industrial de Itapiranga acontece de 3 a 5 de maio de 2019 e teve seu primeiro evento oficial na quinta-feira, dia 1\u00ba de novembro.<\/p>\n<p>A Comiss\u00e3o Organizadora revelou as atra\u00e7\u00f5es, muito esperadas pelo p\u00fablico. De acordo com o coordenador dos shows, Rafael Stuelp, foram feitas diversas an\u00e1lises de viabilidade, buscando qualidade dos artistas para p\u00fablicos e estilos musicais variados. As datas ser\u00e3o:<\/p>\n<p>&#8211; 03\/05 (sexta) Marcos e Belutti<\/p>\n<p>&#8211; 04\/05 (s\u00e1bado) Papas da L\u00edngua + Roger e Gustavo<\/p>\n<p>&#8211; 05\/05 (domingo) Teodoro e Sampaio<\/p>\n<p>Na 10\u00aa <span class=\"il\">Efrait<\/span>, a arena de shows ter\u00e1 novidades na estrutura, com espa\u00e7o bistr\u00f4, \u00e1rea VIP e pista. A venda do primeiro lote de passaportes com ingressos a pre\u00e7os acess\u00edveis, inicia no pr\u00f3ximo dia 25 de novembro.<\/p>\n<p><strong>Venda de estandes<\/strong><\/p>\n<p>Organizada pela Assemit em conjunto com a prefeitura de Itapiranga, a 10\u00aa <span class=\"il\">Efrait<\/span> promete ser a maior de todas as edi\u00e7\u00f5es em seus cinco eixos principais: Agropecu\u00e1ria, Neg\u00f3cios, Gastronomia, Shows, Cultura e Lazer. N\u00e3o ser\u00e1 cobrado ingresso do p\u00fablico para visita\u00e7\u00e3o a todos os espa\u00e7os e para as atra\u00e7\u00f5es do palco cultural.<\/p>\n<p>De acordo com o coordenador geral da Feira, Clemente Schnorrenberger, ser\u00e3o disponibilizados 171 estandes para empresas, sendo 104 internos, 46 externos e 21 espa\u00e7os na pra\u00e7a de alimenta\u00e7\u00e3o e shows. A venda de estandes tamb\u00e9m j\u00e1 iniciou e seguir\u00e1 o cronograma:<\/p>\n<p>&#8211; 01\/11 a 16\/11 \u2013 Vendas para empresas associadas<\/p>\n<p>&#8211; 19\/11 a 30\/11 \u2013 Vendas para todas asempresas do munic\u00edpio de Itapiranga (inclusive n\u00e3o associadas \u00e0 Assemit)<\/p>\n<p>&#8211; 01\/12 \u2013 Abertura das vendas para empresas de outros munic\u00edpios<\/p>\n<p>Interessados em participar da exposi\u00e7\u00e3o podem entrar em contato com Raquel, na Assemit. Fone (49) 3677 0332.<\/p>\n<p><iframe loading=\"lazy\" style=\"border: none; overflow: hidden;\" src=\"https:\/\/www.facebook.com\/plugins\/video.php?href=https%3A%2F%2Fwww.facebook.com%2Fefraititapirangasc%2Fvideos%2F333219940787353%2F&amp;show_text=0&amp;width=560\" width=\"560\" height=\"315\" frameborder=\"0\" scrolling=\"no\" allowfullscreen=\"allowfullscreen\"><\/iframe><\/p>\n","protected":false},"excerpt":{"rendered":"<p>Marcos e Belutti, Papas da L\u00edngua, Roger e Gustavo e Teodoro e Sampaio ser\u00e3o as atra\u00e7\u00f5es principais das noites de shows na 10\u00aa Efrait. A Feira Agropecu\u00e1ria, Comercial e Industrial de Itapiranga acontece de 3 a 5 de maio de [&hellip;]<\/p>\n","protected":false},"author":1,"featured_media":0,"comment_status":"closed","ping_status":"closed","sticky":false,"template":"","format":"standard","meta":{"ngg_post_thumbnail":0,"footnotes":""},"categories":[6],"tags":[],"class_list":["post-2152","post","type-post","status-publish","format-standard","hentry","category-novidades"],"_links":{"self":[{"href":"https:\/\/assemit.com.br\/novo\/index.php?rest_route=\/wp\/v2\/posts\/2152","targetHints":{"allow":["GET"]}}],"collection":[{"href":"https:\/\/assemit.com.br\/novo\/index.php?rest_route=\/wp\/v2\/posts"}],"about":[{"href":"https:\/\/assemit.com.br\/novo\/index.php?rest_route=\/wp\/v2\/types\/post"}],"author":[{"embeddable":true,"href":"https:\/\/assemit.com.br\/novo\/index.php?rest_route=\/wp\/v2\/users\/1"}],"replies":[{"embeddable":true,"href":"https:\/\/assemit.com.br\/novo\/index.php?rest_route=%2Fwp%2Fv2%2Fcomments&post=2152"}],"version-history":[{"count":3,"href":"https:\/\/assemit.com.br\/novo\/index.php?rest_route=\/wp\/v2\/posts\/2152\/revisions"}],"predecessor-version":[{"id":2831,"href":"https:\/\/assemit.com.br\/novo\/index.php?rest_route=\/wp\/v2\/posts\/2152\/revisions\/2831"}],"wp:attachment":[{"href":"https:\/\/assemit.com.br\/novo\/index.php?rest_route=%2Fwp%2Fv2%2Fmedia&parent=2152"}],"wp:term":[{"taxonomy":"category","embeddable":true,"href":"https:\/\/assemit.com.br\/novo\/index.php?rest_route=%2Fwp%2Fv2%2Fcategories&post=2152"},{"taxonomy":"post_tag","embeddable":true,"href":"https:\/\/assemit.com.br\/novo\/index.php?rest_route=%2Fwp%2Fv2%2Ftags&post=2152"}],"curies":[{"name":"wp","href":"https:\/\/api.w.org\/{rel}","templated":true}]}}