{"id":2164,"date":"2018-11-20T16:14:20","date_gmt":"2018-11-20T19:14:20","guid":{"rendered":"http:\/\/www.assemit.com.br\/novo2017\/?p=2164"},"modified":"2018-11-23T09:07:48","modified_gmt":"2018-11-23T12:07:48","slug":"oficina-de-embalagens-customizadas","status":"publish","type":"post","link":"https:\/\/assemit.com.br\/novo\/?p=2164","title":{"rendered":"Oficina de Embalagens Customizadas"},"content":{"rendered":"<p><img loading=\"lazy\" decoding=\"async\" class=\"aligncenter wp-image-2165 \" src=\"http:\/\/www.assemit.com.br\/novo2017\/wp-content\/uploads\/2018\/11\/002-1024x767.jpeg\" alt=\"\" width=\"513\" height=\"384\" srcset=\"https:\/\/assemit.com.br\/novo\/wp-content\/uploads\/2018\/11\/002-1024x767.jpeg 1024w, https:\/\/assemit.com.br\/novo\/wp-content\/uploads\/2018\/11\/002-300x225.jpeg 300w, https:\/\/assemit.com.br\/novo\/wp-content\/uploads\/2018\/11\/002-768x575.jpeg 768w, https:\/\/assemit.com.br\/novo\/wp-content\/uploads\/2018\/11\/002.jpeg 1116w\" sizes=\"auto, (max-width: 513px) 100vw, 513px\" \/><\/p>\n<p>&nbsp;<\/p>\n<p><img loading=\"lazy\" decoding=\"async\" class=\"wp-image-2167 size-thumbnail alignleft\" src=\"http:\/\/www.assemit.com.br\/novo2017\/wp-content\/uploads\/2018\/11\/004-150x150.jpeg\" alt=\"\" width=\"150\" height=\"150\"><img loading=\"lazy\" decoding=\"async\" class=\"wp-image-2169 size-thumbnail alignleft\" src=\"http:\/\/www.assemit.com.br\/novo2017\/wp-content\/uploads\/2018\/11\/006-150x150.jpeg\" alt=\"\" width=\"150\" height=\"150\"><img loading=\"lazy\" decoding=\"async\" class=\"alignleft wp-image-2168 size-thumbnail\" src=\"http:\/\/www.assemit.com.br\/novo2017\/wp-content\/uploads\/2018\/11\/005-150x150.jpeg\" alt=\"\" width=\"150\" height=\"150\"><\/p>\n<p>&nbsp;<\/p>\n<p>&nbsp;<\/p>\n<p>&nbsp;<\/p>\n<p>&nbsp;<\/p>\n<p>&nbsp;<\/p>\n<p>Na noite de ontem (19\/11) realizou-se a Oficina de Embalagens Customizadas \u2013 Prepara\u00e7\u00e3o para o Natal, com a instrutora Maria Wiggers. A oficina foi totalmente pr\u00e1tica, onde as participantes aprenderam v\u00e1rias t\u00e9cnicas de embalagens, la\u00e7os e enfeites para presentes.<\/p>\n","protected":false},"excerpt":{"rendered":"<p>&nbsp; &nbsp; &nbsp; &nbsp; &nbsp; &nbsp; Na noite de ontem (19\/11) realizou-se a Oficina de Embalagens Customizadas \u2013 Prepara\u00e7\u00e3o para o Natal, com a instrutora Maria Wiggers. A oficina foi totalmente pr\u00e1tica, onde as participantes aprenderam v\u00e1rias t\u00e9cnicas de embalagens, [&hellip;]<\/p>\n","protected":false},"author":5,"featured_media":0,"comment_status":"closed","ping_status":"closed","sticky":false,"template":"","format":"standard","meta":{"ngg_post_thumbnail":0,"footnotes":""},"categories":[6],"tags":[41,75],"class_list":["post-2164","post","type-post","status-publish","format-standard","hentry","category-novidades","tag-assemit","tag-oficina-de-embalagens-customizadas"],"_links":{"self":[{"href":"https:\/\/assemit.com.br\/novo\/index.php?rest_route=\/wp\/v2\/posts\/2164","targetHints":{"allow":["GET"]}}],"collection":[{"href":"https:\/\/assemit.com.br\/novo\/index.php?rest_route=\/wp\/v2\/posts"}],"about":[{"href":"https:\/\/assemit.com.br\/novo\/index.php?rest_route=\/wp\/v2\/types\/post"}],"author":[{"embeddable":true,"href":"https:\/\/assemit.com.br\/novo\/index.php?rest_route=\/wp\/v2\/users\/5"}],"replies":[{"embeddable":true,"href":"https:\/\/assemit.com.br\/novo\/index.php?rest_route=%2Fwp%2Fv2%2Fcomments&post=2164"}],"version-history":[{"count":6,"href":"https:\/\/assemit.com.br\/novo\/index.php?rest_route=\/wp\/v2\/posts\/2164\/revisions"}],"predecessor-version":[{"id":2351,"href":"https:\/\/assemit.com.br\/novo\/index.php?rest_route=\/wp\/v2\/posts\/2164\/revisions\/2351"}],"wp:attachment":[{"href":"https:\/\/assemit.com.br\/novo\/index.php?rest_route=%2Fwp%2Fv2%2Fmedia&parent=2164"}],"wp:term":[{"taxonomy":"category","embeddable":true,"href":"https:\/\/assemit.com.br\/novo\/index.php?rest_route=%2Fwp%2Fv2%2Fcategories&post=2164"},{"taxonomy":"post_tag","embeddable":true,"href":"https:\/\/assemit.com.br\/novo\/index.php?rest_route=%2Fwp%2Fv2%2Ftags&post=2164"}],"curies":[{"name":"wp","href":"https:\/\/api.w.org\/{rel}","templated":true}]}}