{"id":2175,"date":"2018-11-22T14:21:41","date_gmt":"2018-11-22T17:21:41","guid":{"rendered":"http:\/\/www.assemit.com.br\/novo2017\/?p=2175"},"modified":"2018-11-23T08:23:25","modified_gmt":"2018-11-23T11:23:25","slug":"protesto-expresso-e-titulos-de-credito","status":"publish","type":"post","link":"https:\/\/assemit.com.br\/novo\/?p=2175","title":{"rendered":"Protesto Expresso e T\u00edtulos de Cr\u00e9dito"},"content":{"rendered":"<p><img loading=\"lazy\" decoding=\"async\" class=\"wp-image-2176 aligncenter\" src=\"http:\/\/www.assemit.com.br\/novo2017\/wp-content\/uploads\/2018\/11\/004-1024x624.jpg\" alt=\"\" width=\"709\" height=\"432\" srcset=\"https:\/\/assemit.com.br\/novo\/wp-content\/uploads\/2018\/11\/004-1024x624.jpg 1024w, https:\/\/assemit.com.br\/novo\/wp-content\/uploads\/2018\/11\/004-300x183.jpg 300w, https:\/\/assemit.com.br\/novo\/wp-content\/uploads\/2018\/11\/004-768x468.jpg 768w, https:\/\/assemit.com.br\/novo\/wp-content\/uploads\/2018\/11\/004.jpg 1906w\" sizes=\"auto, (max-width: 709px) 100vw, 709px\" \/><\/p>\n<p>Com o intuito de auxiliar as atividades das empresas, a ASSEMIT atrav\u00e9s do Departamento de Prote\u00e7\u00e3o ao Cr\u00e9dito realizou na noite de ontem, 21\/11, a 5\u00aa edi\u00e7\u00e3o do Workshop sobre Protesto Expresso e T\u00edtulos de Cr\u00e9dito, onde a Secret\u00e1ria Executiva Raquel explanou sobre o que \u00e9 o produto Protesto Expresso e seus benef\u00edcios, seguido da explica\u00e7\u00e3o da Tabeli\u00e3 Ta\u00eds Sauer, que tratou do funcionamento do protesto, os principais t\u00edtulos de cr\u00e9dito e seus conceitos, as informa\u00e7\u00f5es necess\u00e1rias e as responsabilidades do informante. O Protesto Expresso \u00e9 um servi\u00e7o online que veio para facilitar o dia a dia dos empres\u00e1rios, com economia, rapidez e facilidade.<\/p>\n","protected":false},"excerpt":{"rendered":"<p>Com o intuito de auxiliar as atividades das empresas, a ASSEMIT atrav\u00e9s do Departamento de Prote\u00e7\u00e3o ao Cr\u00e9dito realizou na noite de ontem, 21\/11, a 5\u00aa edi\u00e7\u00e3o do Workshop sobre Protesto Expresso e T\u00edtulos de Cr\u00e9dito, onde a Secret\u00e1ria Executiva [&hellip;]<\/p>\n","protected":false},"author":5,"featured_media":0,"comment_status":"closed","ping_status":"closed","sticky":false,"template":"","format":"standard","meta":{"ngg_post_thumbnail":0,"footnotes":""},"categories":[6],"tags":[41,71,76],"class_list":["post-2175","post","type-post","status-publish","format-standard","hentry","category-novidades","tag-assemit","tag-protesto-expresso","tag-titulos-de-credito"],"_links":{"self":[{"href":"https:\/\/assemit.com.br\/novo\/index.php?rest_route=\/wp\/v2\/posts\/2175","targetHints":{"allow":["GET"]}}],"collection":[{"href":"https:\/\/assemit.com.br\/novo\/index.php?rest_route=\/wp\/v2\/posts"}],"about":[{"href":"https:\/\/assemit.com.br\/novo\/index.php?rest_route=\/wp\/v2\/types\/post"}],"author":[{"embeddable":true,"href":"https:\/\/assemit.com.br\/novo\/index.php?rest_route=\/wp\/v2\/users\/5"}],"replies":[{"embeddable":true,"href":"https:\/\/assemit.com.br\/novo\/index.php?rest_route=%2Fwp%2Fv2%2Fcomments&post=2175"}],"version-history":[{"count":2,"href":"https:\/\/assemit.com.br\/novo\/index.php?rest_route=\/wp\/v2\/posts\/2175\/revisions"}],"predecessor-version":[{"id":2339,"href":"https:\/\/assemit.com.br\/novo\/index.php?rest_route=\/wp\/v2\/posts\/2175\/revisions\/2339"}],"wp:attachment":[{"href":"https:\/\/assemit.com.br\/novo\/index.php?rest_route=%2Fwp%2Fv2%2Fmedia&parent=2175"}],"wp:term":[{"taxonomy":"category","embeddable":true,"href":"https:\/\/assemit.com.br\/novo\/index.php?rest_route=%2Fwp%2Fv2%2Fcategories&post=2175"},{"taxonomy":"post_tag","embeddable":true,"href":"https:\/\/assemit.com.br\/novo\/index.php?rest_route=%2Fwp%2Fv2%2Ftags&post=2175"}],"curies":[{"name":"wp","href":"https:\/\/api.w.org\/{rel}","templated":true}]}}