{"id":225,"date":"2012-12-11T17:02:27","date_gmt":"2012-12-11T17:02:27","guid":{"rendered":"http:\/\/novo2017.assemit.com.br\/?p=225"},"modified":"2012-12-11T17:02:27","modified_gmt":"2012-12-11T17:02:27","slug":"assemit-realiza-palestra-para-associados-e-comunidade","status":"publish","type":"post","link":"https:\/\/assemit.com.br\/novo\/?p=225","title":{"rendered":"ASSEMIT REALIZA PALESTRA PARA ASSOCIADOS E COMUNIDADE"},"content":{"rendered":"<p style=\"text-align: center;\"><img loading=\"lazy\" decoding=\"async\" class=\" size-full wp-image-223\" src=\"http:\/\/novo2017.assemit.com.br\/wp-content\/uploads\/2012\/12\/1354366724.01-foto_1.JPG\" border=\"0\" width=\"650\" height=\"431\" srcset=\"https:\/\/assemit.com.br\/novo\/wp-content\/uploads\/2012\/12\/1354366724.01-foto_1.JPG 650w, https:\/\/assemit.com.br\/novo\/wp-content\/uploads\/2012\/12\/1354366724.01-foto_1-300x199.jpg 300w, https:\/\/assemit.com.br\/novo\/wp-content\/uploads\/2012\/12\/1354366724.01-foto_1-619x410.jpg 619w\" sizes=\"auto, (max-width: 650px) 100vw, 650px\" \/><\/p>\n<p style=\"text-align: center;\"><img loading=\"lazy\" decoding=\"async\" class=\" size-full wp-image-224\" src=\"http:\/\/novo2017.assemit.com.br\/wp-content\/uploads\/2012\/12\/1354366798.09-foto_1.JPG\" border=\"0\" width=\"650\" height=\"431\" srcset=\"https:\/\/assemit.com.br\/novo\/wp-content\/uploads\/2012\/12\/1354366798.09-foto_1.JPG 650w, https:\/\/assemit.com.br\/novo\/wp-content\/uploads\/2012\/12\/1354366798.09-foto_1-300x199.jpg 300w, https:\/\/assemit.com.br\/novo\/wp-content\/uploads\/2012\/12\/1354366798.09-foto_1-619x410.jpg 619w\" sizes=\"auto, (max-width: 650px) 100vw, 650px\" \/><\/p>\n<p style=\"text-align: justify;\">Com o objetivo de estar constantemente oferecendo vantagens para seus associados e comunidade em geral a ASSEMIT (Associa\u00e7\u00e3o do s Empres\u00e1rios de Itapiranga) realizou na ultima quinta feira dia 29 na Igreja Matriz de Itapiranga palestra motivacional. Com o objetivo de motivar, incentivar e mostras diferentes formas de como viver melhor no seu cotidiano, na fam\u00edlia, no trabalho e no conv\u00edvio social. A palestra foi assistida por um grande n\u00famero de pessoas entre empres\u00e1rios, colaboradores, familiares e a comunidade em geral sem custo. O palestrante MARCIO RANGEL transmitiu com muita serenidade e ousadia sua palestra que teve como principal foco a pessoa, o ser humano, mostrando com exemplos simples e pr\u00e1ticos que \u00e9 poss\u00edvel ser melhor em todo o que fizemos no dia a dia se soubermos nos programar para isso, enfatizou a import\u00e2ncia do PLANEJAMENTO, dos H\u00c1BITOS e dos COMPORTAMENTOS que decidimos ter, os mesmos tem total influencia nos resultados que obtemos. RANGEL \u00e9 profissional de comunica\u00e7\u00e3o por voca\u00e7\u00e3o e atua em v\u00e1rias r\u00e1dios da regi\u00e3o do m\u00e9dio alto Uruguai, atua tamb\u00e9m em redes de televis\u00e3o do Oeste catarinense e Noroeste Ga\u00facho, \u00e9 fundador da revista \u201cSUPER GUIA DOS CAMPE\u00d5ES\u201d e \u00e9 hoje um dos grandes nomes na \u00e1rea motivacional do sul do pa\u00eds.<\/p>\n<p style=\"text-align: justify;\">A ASSEMIT est\u00e1 programando juntamente com a ACETI para o dia 18 de Dezembro uma programa\u00e7\u00e3o especial para as crian\u00e7as e fam\u00edlias do munic\u00edpio, depois de muitos anos est\u00e1 de volta a Itapiranga o PAPAI NOEL DO BRASIL, que com a parceria com empresas do munic\u00edpio foi poss\u00edvel viabilizar a vinda do mesmo que chegar\u00e1 por volta das 20:00 horas de helic\u00f3ptero que vai pousar na Avenida Uruguai junto \u00e0 pra\u00e7a de entrada da cidade. Para dia 31 de dezembro com a parceira da Prefeitura Municipal a ASSEMIT est\u00e1 promovendo a tradicional FESTA DE REVELI\u00d3N com o ultimo sorteio do SHOW DA SORTE ASSEMIT. Desde j\u00e1 todos est\u00e3o convidados.<\/p>\n<p><em>Por Alexandre Siqueira<\/em><\/p>\n","protected":false},"excerpt":{"rendered":"<p>Com o objetivo de estar constantemente oferecendo vantagens para seus associados e comunidade em geral a ASSEMIT (Associa\u00e7\u00e3o do s Empres\u00e1rios de Itapiranga) realizou na ultima quinta feira dia 29 na Igreja Matriz de Itapiranga palestra motivacional. Com o objetivo [&hellip;]<\/p>\n","protected":false},"author":1,"featured_media":223,"comment_status":"open","ping_status":"open","sticky":false,"template":"","format":"standard","meta":{"ngg_post_thumbnail":0,"footnotes":""},"categories":[6],"tags":[],"class_list":["post-225","post","type-post","status-publish","format-standard","has-post-thumbnail","hentry","category-novidades"],"_links":{"self":[{"href":"https:\/\/assemit.com.br\/novo\/index.php?rest_route=\/wp\/v2\/posts\/225","targetHints":{"allow":["GET"]}}],"collection":[{"href":"https:\/\/assemit.com.br\/novo\/index.php?rest_route=\/wp\/v2\/posts"}],"about":[{"href":"https:\/\/assemit.com.br\/novo\/index.php?rest_route=\/wp\/v2\/types\/post"}],"author":[{"embeddable":true,"href":"https:\/\/assemit.com.br\/novo\/index.php?rest_route=\/wp\/v2\/users\/1"}],"replies":[{"embeddable":true,"href":"https:\/\/assemit.com.br\/novo\/index.php?rest_route=%2Fwp%2Fv2%2Fcomments&post=225"}],"version-history":[{"count":0,"href":"https:\/\/assemit.com.br\/novo\/index.php?rest_route=\/wp\/v2\/posts\/225\/revisions"}],"wp:featuredmedia":[{"embeddable":true,"href":"https:\/\/assemit.com.br\/novo\/index.php?rest_route=\/wp\/v2\/media\/223"}],"wp:attachment":[{"href":"https:\/\/assemit.com.br\/novo\/index.php?rest_route=%2Fwp%2Fv2%2Fmedia&parent=225"}],"wp:term":[{"taxonomy":"category","embeddable":true,"href":"https:\/\/assemit.com.br\/novo\/index.php?rest_route=%2Fwp%2Fv2%2Fcategories&post=225"},{"taxonomy":"post_tag","embeddable":true,"href":"https:\/\/assemit.com.br\/novo\/index.php?rest_route=%2Fwp%2Fv2%2Ftags&post=225"}],"curies":[{"name":"wp","href":"https:\/\/api.w.org\/{rel}","templated":true}]}}