{"id":226,"date":"2012-12-02T13:36:34","date_gmt":"2012-12-02T13:36:34","guid":{"rendered":"http:\/\/novo2017.assemit.com.br\/?p=226"},"modified":"2012-12-02T13:36:34","modified_gmt":"2012-12-02T13:36:34","slug":"iniciam-preparativos-para-efrait-2013","status":"publish","type":"post","link":"https:\/\/assemit.com.br\/novo\/?p=226","title":{"rendered":"Iniciam preparativos para Efrait 2013"},"content":{"rendered":"<p> <object classid=\"clsid:D27CDB6E-AE6D-11cf-96B8-444553540000\" width=\"705\" height=\"189\" codebase=\"http:\/\/download.macromedia.com\/pub\/shockwave\/cabs\/flash\/swflash.cab#version=7,0,19,0\"><param name=\"movie\" value=\"http:\/\/efrait.assemit.com.br\/templates\/themza_j15_08\/images\/banners\/efrait.swf\" \/><param name=\"quality\" value=\"high\" \/><embed type=\"application\/x-shockwave-flash\" width=\"705\" height=\"189\" src=\"http:\/\/efrait.assemit.com.br\/templates\/themza_j15_08\/images\/banners\/efrait.swf\" quality=\"high\" pluginspage=\"http:\/\/www.macromedia.com\/go\/getflashplayer\"><\/embed><\/object> <\/p>\n<p><img decoding=\"async\" src=\"http:\/\/efrait.assemit.com.br\/images\/stories\/p1010015_.jpg\" border=\"0\" width=\"705\" style=\"border: 0;\" \/><\/p>\n<p style=\"text-align: justify;\">Diversas j\u00e1 foram as reuni\u00f5es realizadas pela Assemit para defini\u00e7\u00e3o da Comiss\u00e3o Organizadora e in\u00edcio das vendas dos estandes da 7\u00aa Exposi\u00e7\u00e3o Feira de Itapiranga a ser realizada de 3 a 5 de maio do pr\u00f3ximo ano. Conforme o presidente da Assemit Afonso Niehues, o primeiro passo foi definir os espa\u00e7os e os valores dos estandes para iniciar a comercializa\u00e7\u00e3o. &#8220;Os espa\u00e7os internos do Pavilh\u00e3o A do Complexo Oktober foram comercializados rapidamente na primeira semana para os s\u00f3cios da Assemit&#8221;, destaca o presidente.<\/p>\n<p style=\"text-align: justify;\">Agora a meta \u00e9 vender os espa\u00e7os externos, principalmente para empresas de m\u00e1quinas de maior porte, revendas de carros e outros. Em fun\u00e7\u00e3o da grande procura j\u00e1 foi definido que ser\u00e3o montados estandes na entrada do Pavilh\u00e3o A, a exemplo da \u00faltima edi\u00e7\u00e3o da Feira. Ser\u00e1 uma \u00e1rea coberta com toda infraestrutura. Estes espa\u00e7os tamb\u00e9m dever\u00e3o ter boa procura, pois ficar\u00e3o na entrada do Pavilh\u00e3o, onde todos dever\u00e3o passar obrigatoriamente. &#8220;Ali tamb\u00e9m deveremos ter uma pra\u00e7a de alimenta\u00e7\u00e3o, al\u00e9m do Pavilh\u00e3o B e C, e restaurante para almo\u00e7os e caf\u00e9 colonial&#8221;. Na \u00e1rea do Complexo Jovem, parte dever\u00e1 ser utilizado para exposi\u00e7\u00e3o e a outra para as atra\u00e7\u00f5es musicais. &#8220;Estamos vendo com empresas especializadas para ver do interesse em explorar este espa\u00e7o dos shows&#8221;.<\/p>\n<p style=\"text-align: justify;\">O novo presidente eleito da Assemit, que assume a partir de janeiro, Elton Maldaner, defende que a Feira dever\u00e1 ter ingresso livre, a exemplo das realizadas em Ipor\u00e3, Tun\u00e1polis e S\u00e3o Jo\u00e3o do Oeste. &#8220;Apenas o espa\u00e7o dos shows deveria cobrar ingresso para se tornar vi\u00e1vel&#8221;, ressalta Elton. A prefeitura de Itapiranga j\u00e1 confirmou a participa\u00e7\u00e3o com repasse de recursos financeiros a Assemir para realiza\u00e7\u00e3o do evento. Tamb\u00e9m est\u00e3o sendo encaminhados projetos para os \u00f3rg\u00e3os federais e estaduais a fim de pleitear recursos financeiros para promo\u00e7\u00e3o da 7\u00aa Efrait.<\/p>\n","protected":false},"excerpt":{"rendered":"<p>Diversas j\u00e1 foram as reuni\u00f5es realizadas pela Assemit para defini\u00e7\u00e3o da Comiss\u00e3o Organizadora e in\u00edcio das vendas dos estandes da 7\u00aa Exposi\u00e7\u00e3o Feira de Itapiranga a ser realizada de 3 a 5 de maio do pr\u00f3ximo ano. Conforme o presidente [&hellip;]<\/p>\n","protected":false},"author":1,"featured_media":0,"comment_status":"open","ping_status":"open","sticky":false,"template":"","format":"standard","meta":{"ngg_post_thumbnail":0,"footnotes":""},"categories":[6],"tags":[],"class_list":["post-226","post","type-post","status-publish","format-standard","hentry","category-novidades"],"_links":{"self":[{"href":"https:\/\/assemit.com.br\/novo\/index.php?rest_route=\/wp\/v2\/posts\/226","targetHints":{"allow":["GET"]}}],"collection":[{"href":"https:\/\/assemit.com.br\/novo\/index.php?rest_route=\/wp\/v2\/posts"}],"about":[{"href":"https:\/\/assemit.com.br\/novo\/index.php?rest_route=\/wp\/v2\/types\/post"}],"author":[{"embeddable":true,"href":"https:\/\/assemit.com.br\/novo\/index.php?rest_route=\/wp\/v2\/users\/1"}],"replies":[{"embeddable":true,"href":"https:\/\/assemit.com.br\/novo\/index.php?rest_route=%2Fwp%2Fv2%2Fcomments&post=226"}],"version-history":[{"count":0,"href":"https:\/\/assemit.com.br\/novo\/index.php?rest_route=\/wp\/v2\/posts\/226\/revisions"}],"wp:attachment":[{"href":"https:\/\/assemit.com.br\/novo\/index.php?rest_route=%2Fwp%2Fv2%2Fmedia&parent=226"}],"wp:term":[{"taxonomy":"category","embeddable":true,"href":"https:\/\/assemit.com.br\/novo\/index.php?rest_route=%2Fwp%2Fv2%2Fcategories&post=226"},{"taxonomy":"post_tag","embeddable":true,"href":"https:\/\/assemit.com.br\/novo\/index.php?rest_route=%2Fwp%2Fv2%2Ftags&post=226"}],"curies":[{"name":"wp","href":"https:\/\/api.w.org\/{rel}","templated":true}]}}