{"id":2750,"date":"2019-11-28T15:35:42","date_gmt":"2019-11-28T18:35:42","guid":{"rendered":"http:\/\/www.assemit.com.br\/novo2019\/?p=2750"},"modified":"2021-03-15T11:26:21","modified_gmt":"2021-03-15T14:26:21","slug":"posse-da-diretoria-2020-2022","status":"publish","type":"post","link":"https:\/\/assemit.com.br\/novo\/?p=2750","title":{"rendered":"Posse da diretoria 2020\/2022"},"content":{"rendered":"\n<figure class=\"wp-block-gallery columns-1 is-cropped wp-block-gallery-1 is-layout-flex wp-block-gallery-is-layout-flex\"><ul class=\"blocks-gallery-grid\"><li class=\"blocks-gallery-item\"><figure><a href=\"http:\/\/www.assemit.com.br\/novo2019\/wp-content\/uploads\/2020\/01\/IMG_9699.jpg\"><img loading=\"lazy\" decoding=\"async\" width=\"1024\" height=\"687\" src=\"http:\/\/www.assemit.com.br\/novo2019\/wp-content\/uploads\/2020\/01\/IMG_9699-1024x687.jpg\" alt=\"\" data-id=\"2794\" data-full-url=\"http:\/\/www.assemit.com.br\/novo2019\/wp-content\/uploads\/2020\/01\/IMG_9699.jpg\" data-link=\"http:\/\/www.assemit.com.br\/novo2019\/?attachment_id=2794\" class=\"wp-image-2794\" srcset=\"https:\/\/assemit.com.br\/novo\/wp-content\/uploads\/2020\/01\/IMG_9699-1024x687.jpg 1024w, https:\/\/assemit.com.br\/novo\/wp-content\/uploads\/2020\/01\/IMG_9699-300x201.jpg 300w, https:\/\/assemit.com.br\/novo\/wp-content\/uploads\/2020\/01\/IMG_9699-768x516.jpg 768w, https:\/\/assemit.com.br\/novo\/wp-content\/uploads\/2020\/01\/IMG_9699-1536x1031.jpg 1536w, https:\/\/assemit.com.br\/novo\/wp-content\/uploads\/2020\/01\/IMG_9699.jpg 1795w\" sizes=\"auto, (max-width: 1024px) 100vw, 1024px\" \/><\/a><\/figure><\/li><\/ul><\/figure>\n\n\n\n<p>Na \u00faltima sexta-feira, 22\/11, realizou-se a cerim\u00f4nia de posse da nova diretoria, tri\u00eanio 2020 a 2022, da ASSEMIT &#8211; Associa\u00e7\u00e3o dos Empres\u00e1rios de Itapiranga e dos seus respectivos n\u00facleos: N\u00facleo de Alimentos, N\u00facleo das Auto Mec\u00e2nicas, N\u00facleo do Jovem Empreendedor, N\u00facleo de Contadores e N\u00facleo da Mulher Empres\u00e1ria. A cerimonia aconteceu nas depend\u00eancias da AABB, seguida de jantar de confraterniza\u00e7\u00e3o.<\/p>\n\n\n\n<p>Foram empossados:<\/p>\n\n\n\n<p>Diretoria<\/p>\n\n\n\n<p>Presidente: Lucir Gureschi<br>Vice-Presidente: Elton Martinho Maldaner<br>Tesoureiro: Clemente Schnorrenberger<br>Vice-Tesoureiro: Norberto Lengert<br>Secret\u00e1ria: D\u00e9bora Cristina Manchini Ramos<br>Vice-Secret\u00e1rio: Andrei Rech<br>Conselho Fiscal:<br>Claudir Werlang<br>Claudio Bourscheid<br>Val\u00e9rio Niehues<br>Suplentes:<br>Cristiani Werlang Marangoni<br>Paulo C\u00e9sar Padilha<br>Pedro Jos\u00e9 Kunrath<br>Assessor de Comunica\u00e7\u00e3o:<br>Abr\u00e3o Moura<br>Sadi Jos\u00e9 Reckziegel<br>Assessoria Jur\u00eddica:<br>Airton Sehn<br>Diretores:<br>Departamento de Prote\u00e7\u00e3o ao Cr\u00e9dito:<br>Gilvane Kern<br>Guido Flach<br>Departamento de Aperfei\u00e7oamento Profissional:<br>Andr\u00e9ia Kern<br>Katia Mara Ertel Engel<br>Departamento do Empreender:<br>Edson Schneider<br>Departamento da EFRAIT:<br>Elton Martinho Maldaner<br>Guido Flach<br>Departamento de Eventos:<br>Afonso Niehues<br>Cesar Engelmann<br>Daniel Rosolen<br>Gilvane Kern<br>Pedro Paulo Pereira<br>Sadi Jose Reckziegel<br>Formar\u00e3o ainda o Conselho Deliberativo:<br>Afonso Niehues<br>Clemente Schnorrenberger<br>Elton Martinho Maldaner<\/p>\n\n\n\n<p>N\u00facleos<\/p>\n\n\n\n<p>N\u00facleo de Alimentos<br>Coordenador: Andreia Kern<br>Vice Coordenador: Dalton Rohr<br>Tesoureiro: Pedro Paulo Pereira<\/p>\n\n\n\n<p>N\u00facleo de Automecanicas<br>Coordenador: Pedro Jos\u00e9 Kunrath<br>Vice Coordenador: Ademir Thesing<br>Secret\u00e1rio: Bernildo Borscheidt<br>Tesoureira: Maria Helena Becker<\/p>\n\n\n\n<p>N\u00facleo de Contadores<br>Coordenador: Vicente Royer<br>Tesoureiro: Luciano Haas<br>Secret\u00e1rio: Carmem Zilles<\/p>\n\n\n\n<p>N\u00facleo da Mulher Empres\u00e1ria<br>Coordenadora: Mariane Ritter Gr\u00fctzmann<br>Vice coordenadora: Raquel La\u00eds da Silva<br>Tesoureira: Arlete Maria Schneider<br>Secret\u00e1ria: Salete Schlikmann Soethe<\/p>\n\n\n\n<p>N\u00facleo do Jovem Empreendedor Itapiranguense<br>Coordenador: Jairo Sasso<br>Vice Coordenador: Ariel Luiz Giehl<br>Secret\u00e1ria: Silvane Hauschild Loebens<br>Tesoureiro: Rodrigo Ramos<\/p>\n","protected":false},"excerpt":{"rendered":"<p>Na \u00faltima sexta-feira, 22\/11, realizou-se a cerim\u00f4nia de posse da nova diretoria, tri\u00eanio 2020 a 2022, da ASSEMIT &#8211; Associa\u00e7\u00e3o dos Empres\u00e1rios de Itapiranga e dos seus respectivos n\u00facleos: N\u00facleo de Alimentos, N\u00facleo das Auto Mec\u00e2nicas, N\u00facleo do Jovem Empreendedor, [&hellip;]<\/p>\n","protected":false},"author":2,"featured_media":0,"comment_status":"closed","ping_status":"closed","sticky":false,"template":"","format":"standard","meta":{"ngg_post_thumbnail":0,"footnotes":""},"categories":[6],"tags":[],"class_list":["post-2750","post","type-post","status-publish","format-standard","hentry","category-novidades"],"_links":{"self":[{"href":"https:\/\/assemit.com.br\/novo\/index.php?rest_route=\/wp\/v2\/posts\/2750","targetHints":{"allow":["GET"]}}],"collection":[{"href":"https:\/\/assemit.com.br\/novo\/index.php?rest_route=\/wp\/v2\/posts"}],"about":[{"href":"https:\/\/assemit.com.br\/novo\/index.php?rest_route=\/wp\/v2\/types\/post"}],"author":[{"embeddable":true,"href":"https:\/\/assemit.com.br\/novo\/index.php?rest_route=\/wp\/v2\/users\/2"}],"replies":[{"embeddable":true,"href":"https:\/\/assemit.com.br\/novo\/index.php?rest_route=%2Fwp%2Fv2%2Fcomments&post=2750"}],"version-history":[{"count":3,"href":"https:\/\/assemit.com.br\/novo\/index.php?rest_route=\/wp\/v2\/posts\/2750\/revisions"}],"predecessor-version":[{"id":2817,"href":"https:\/\/assemit.com.br\/novo\/index.php?rest_route=\/wp\/v2\/posts\/2750\/revisions\/2817"}],"wp:attachment":[{"href":"https:\/\/assemit.com.br\/novo\/index.php?rest_route=%2Fwp%2Fv2%2Fmedia&parent=2750"}],"wp:term":[{"taxonomy":"category","embeddable":true,"href":"https:\/\/assemit.com.br\/novo\/index.php?rest_route=%2Fwp%2Fv2%2Fcategories&post=2750"},{"taxonomy":"post_tag","embeddable":true,"href":"https:\/\/assemit.com.br\/novo\/index.php?rest_route=%2Fwp%2Fv2%2Ftags&post=2750"}],"curies":[{"name":"wp","href":"https:\/\/api.w.org\/{rel}","templated":true}]}}