{"id":2773,"date":"2019-10-21T16:05:00","date_gmt":"2019-10-21T19:05:00","guid":{"rendered":"http:\/\/www.assemit.com.br\/novo2019\/?p=2773"},"modified":"2021-03-15T11:26:27","modified_gmt":"2021-03-15T14:26:27","slug":"eleicao-da-diretoria-2020-2022","status":"publish","type":"post","link":"https:\/\/assemit.com.br\/novo\/?p=2773","title":{"rendered":"Elei\u00e7\u00e3o da Diretoria 2020\/2022"},"content":{"rendered":"\n<figure class=\"wp-block-image size-large\"><img decoding=\"async\" src=\"http:\/\/www.assemit.com.br\/novo2019\/wp-content\/gallery\/eleicao-diretoria-2020-2022\/73275769_2485661108338224_2570431385697255424_o.jpg\" alt=\"\"\/><\/figure>\n\n\n\n<p>A Assemit realizou na segunda-feira (21\/10) Assembleia Mensal, sendo neste m\u00eas festiva em comemora\u00e7\u00e3o ao m\u00eas da Oktoberfest. Neste momento foram apresentadas as empresas que associaram no per\u00edodo do \u00faltimo ano, lan\u00e7ado o convite para o Baile da Assemit com inicio da venda das mesas e tamb\u00e9m a elei\u00e7\u00e3o da Nova Diretoria \u2013 Gest\u00e3o 2020\/2022, realizada por aclama\u00e7\u00e3o, sendo eleitos:<\/p>\n\n\n\n<p>Presidente: Lucir Guareschi<br>Vice-Presidente: Elton Martinho Maldaner<br>Secret\u00e1ria: D\u00e9bora Cristiana Manchini Ramos<br>Vice-Secret\u00e1rio: Andrei Rech<br>Tesoureiro: Clemente Schnorrenberger<br>Vice-Tesoureiro: Norberto Lengert<br>Conselho Fiscal: Claudir Werlang,Claudio Bourscheid e Val\u00e9rio Niehues<br>Conselho Fiscal Suplentes: Paulo C\u00e9sar Padilha, Cristiani Werlang Marangoni e Pedro Jos\u00e9 Kunrath<br>Assessor de Comunica\u00e7\u00e3o: Abr\u00e3o Jaime Mello de Moura e Sadi Jos\u00e9 Reckziegel<br>Servi\u00e7os de Prote\u00e7\u00e3o ao Cr\u00e9dito: Gilvane Kern e Guido Flach<br>Departamento de Aperfei\u00e7oamento Profissional: Katia Mara Ertel Engel e Andreia Kern<br>Empreender: Edson Schneider<br>Assessoria Jur\u00eddica: Airton Sehn<br>Eventos: Daniel Rosolen, Gilvane Kern, C\u00e9sar Engelmann, Pedro Paulo Pereira, Sadi Jos\u00e9 Reckziegel e Afonso Niehues<br>Feiras: Elton Martinho Maldaner e Guido Flach<br>Conselho Deliberativo: Clemente Schnorrenberger, Elton Martinho Maldaner e Afonso Niehues<\/p>\n","protected":false},"excerpt":{"rendered":"<p>A Assemit realizou na segunda-feira (21\/10) Assembleia Mensal, sendo neste m\u00eas festiva em comemora\u00e7\u00e3o ao m\u00eas da Oktoberfest. Neste momento foram apresentadas as empresas que associaram no per\u00edodo do \u00faltimo ano, lan\u00e7ado o convite para o Baile da Assemit com [&hellip;]<\/p>\n","protected":false},"author":2,"featured_media":0,"comment_status":"closed","ping_status":"closed","sticky":false,"template":"","format":"standard","meta":{"ngg_post_thumbnail":0,"footnotes":""},"categories":[6],"tags":[],"class_list":["post-2773","post","type-post","status-publish","format-standard","hentry","category-novidades"],"_links":{"self":[{"href":"https:\/\/assemit.com.br\/novo\/index.php?rest_route=\/wp\/v2\/posts\/2773","targetHints":{"allow":["GET"]}}],"collection":[{"href":"https:\/\/assemit.com.br\/novo\/index.php?rest_route=\/wp\/v2\/posts"}],"about":[{"href":"https:\/\/assemit.com.br\/novo\/index.php?rest_route=\/wp\/v2\/types\/post"}],"author":[{"embeddable":true,"href":"https:\/\/assemit.com.br\/novo\/index.php?rest_route=\/wp\/v2\/users\/2"}],"replies":[{"embeddable":true,"href":"https:\/\/assemit.com.br\/novo\/index.php?rest_route=%2Fwp%2Fv2%2Fcomments&post=2773"}],"version-history":[{"count":4,"href":"https:\/\/assemit.com.br\/novo\/index.php?rest_route=\/wp\/v2\/posts\/2773\/revisions"}],"predecessor-version":[{"id":2819,"href":"https:\/\/assemit.com.br\/novo\/index.php?rest_route=\/wp\/v2\/posts\/2773\/revisions\/2819"}],"wp:attachment":[{"href":"https:\/\/assemit.com.br\/novo\/index.php?rest_route=%2Fwp%2Fv2%2Fmedia&parent=2773"}],"wp:term":[{"taxonomy":"category","embeddable":true,"href":"https:\/\/assemit.com.br\/novo\/index.php?rest_route=%2Fwp%2Fv2%2Fcategories&post=2773"},{"taxonomy":"post_tag","embeddable":true,"href":"https:\/\/assemit.com.br\/novo\/index.php?rest_route=%2Fwp%2Fv2%2Ftags&post=2773"}],"curies":[{"name":"wp","href":"https:\/\/api.w.org\/{rel}","templated":true}]}}