{"id":2821,"date":"2021-03-13T09:36:00","date_gmt":"2021-03-13T12:36:00","guid":{"rendered":"http:\/\/www.assemit.com.br\/novo2019\/?p=2821"},"modified":"2021-03-15T11:25:55","modified_gmt":"2021-03-15T14:25:55","slug":"senador-jorginho-mello-se-compromete-com-a-obra-da-ponte-entre-sc-e-rs-e-disse-que-a-federalizacao-e-necessaria-para-que-a-obra-aconteca","status":"publish","type":"post","link":"https:\/\/assemit.com.br\/novo\/?p=2821","title":{"rendered":"Senador Jorginho Mello se compromete com a obra da Ponte entre SC e RS e disse que a federaliza\u00e7\u00e3o \u00e9 necess\u00e1ria para que a obra aconte\u00e7a"},"content":{"rendered":"\n<figure class=\"wp-block-image\"><img decoding=\"async\" src=\"https:\/\/www.facisc.org.br\/wp-content\/themes\/facisc\/890\/450\/crop\/2021\/03\/WhatsApp-Image-2021-03-12-at-14.58.34.jpeg\" alt=\"\"\/><figcaption>Reuni\u00e3o virtual com lideran\u00e7as regionais envolvendo o noroeste ga\u00facho e o extremo oeste catarinense<\/figcaption><\/figure>\n\n\n\n<p>A Federa\u00e7\u00e3o das Associa\u00e7\u00f5es Empresariais de Santa Catarina (Facisc) realizou na tarde desta sexta-feira, 12\/3, reuni\u00e3o com o senador Jorginho Mello sobre a constru\u00e7\u00e3o da ponte entre os estados de Santa Catarina e Rio Grande do Sul na divisa entre os munic\u00edpios de Barra do Guarita (RS) e Itapiranga (SC).<br><\/p>\n\n\n\n<p>O prefeito de Barra de Guarita, Rodrigo Locatelli Tisott, coordenador do Movimento Pr\u00f3 Ponte disse que um desejo un\u00e2nime que esta obra se realize por isso tem tanto apelo popular. O prefeito de Itapiranga, Alexandre Ribas, completou dizendo que quando a bandeira transcende os limites e se torna uma bandeira regional, faz com que ganhe for\u00e7a e possa se tornar realidade. \u201cPrecisamos tornar esta necessidade em realidade\u201d.<br><\/p>\n\n\n\n<p>Maikel Frey, vice-presidente Regional Extremo Oeste da Facisc, explicou que os investimentos em infraestrutura s\u00e3o os gargalos da regi\u00e3o Extremo Oeste. \u201cTemos que sair de uma indigna\u00e7\u00e3o para a a\u00e7\u00e3o, por isto estamos neste movimento\u201d. Tamb\u00e9m destacou que nunca teve uma uni\u00e3o t\u00e3o forte de todos os segmentos da sociedade em prol de uma solu\u00e7\u00e3o para a a regi\u00e3o. \u201cO envolvimento dos dois estados s\u00e3o primordiais para que isso aconte\u00e7a\u201d.<br>S\u00e9rgio Rodrigues Alves, presidente da Facisc, falou que h\u00e1 uma necessidade latente em atender \u00e0s necessidades do povo de Santa Catarina independente das regi\u00f5es, mas esta em especial precisa ser resolvido em benef\u00edcio \u00e0 regi\u00e3o Extremo Oeste. \u201cEsta ponte \u00e9 fator determinante para que essa regi\u00e3o consiga se desenvolver ainda mais\u201d.<br>O prefeito de Tr\u00eas Passos (RS), Arlei Tomazoni, disse que \u00e9 problema grave que inviabiliza muitos neg\u00f3cios por isso t\u00e3o importante para os dois estados.<br><\/p>\n\n\n\n<p>A regi\u00e3o que abrange cidades do Rio Grande do Sul e Santa Catarina representa um PIB de cerca de 10 bilh\u00f5es de reais, tem 18 mil empresas, e mais de 68 mil empregos. \u201cTemos certeza que quando tivermos uma obra dessa envergadura conseguiremos produzir muito mais, destaca Maikel Frey.\u201d Os setores do agroneg\u00f3cio, produ\u00e7\u00e3o de alimentos e turismo s\u00e3o os que impulsionam a regi\u00e3o.<br><\/p>\n\n\n\n<p>Senador Jorginho Mello explicou que infraestrutura \u00e9 um gargalo de todo o Estado. Disse que a malha vi\u00e1ria em Santa Catarina \u00e9 um grande problema. Ele falou que ser\u00e1 parceiro deste projeto e que para aconte\u00e7a \u00e9 preciso que seja feita a federaliza\u00e7\u00e3o. \u201cPrecisamos que todas as lideran\u00e7as se unam para agilizar esta federaliza\u00e7\u00e3o\u201d. Tamb\u00e9m destacou que as bancadas de SC e do RS devem ser comprometidas. \u201cEsta obra n\u00e3o pode ter um padrinho, ela \u00e9 de todos n\u00f3s\u201d. Ele tamb\u00e9m disse que obras estruturantes custam caro, mas \u00e9 necess\u00e1rio que se comece. O senador assumiu o compromisso de falar com o ministro de Infraestrutura, Tarc\u00edsio Gomes de Freitas, para tirar a federaliza\u00e7\u00e3o da gaveta.<br><\/p>\n\n\n\n<p>O vice-presidente de Infraestrutura e Log\u00edstica da Facisc, Ant\u00f4nio Guimar\u00e3es Neto, conclui a reuni\u00e3o que Santa Catarina precisa finalizar o corredor Leste-Oeste e esta luta precisa ser apoiada para que de fato aconte\u00e7a.<\/p>\n\n\n\n<p><\/p>\n\n\n\n<p>Fonte: <a rel=\"noreferrer noopener\" href=\"https:\/\/www.facisc.org.br\/noticias\/senador-jorginho-mello-se-compromete-com-a-obra-da-ponte-entre-sc-e-rs-e-disse-que-a-federalizacao-e-necessaria-para-que-a-obra-aconteca\/\" target=\"_blank\">Facisc<\/a><\/p>\n","protected":false},"excerpt":{"rendered":"<p>A Federa\u00e7\u00e3o das Associa\u00e7\u00f5es Empresariais de Santa Catarina (Facisc) realizou na tarde desta sexta-feira, 12\/3, reuni\u00e3o com o senador Jorginho Mello sobre a constru\u00e7\u00e3o da ponte entre os estados de Santa Catarina e Rio Grande do Sul na divisa entre [&hellip;]<\/p>\n","protected":false},"author":2,"featured_media":0,"comment_status":"closed","ping_status":"closed","sticky":false,"template":"","format":"standard","meta":{"ngg_post_thumbnail":0,"footnotes":""},"categories":[6],"tags":[],"class_list":["post-2821","post","type-post","status-publish","format-standard","hentry","category-novidades"],"_links":{"self":[{"href":"https:\/\/assemit.com.br\/novo\/index.php?rest_route=\/wp\/v2\/posts\/2821","targetHints":{"allow":["GET"]}}],"collection":[{"href":"https:\/\/assemit.com.br\/novo\/index.php?rest_route=\/wp\/v2\/posts"}],"about":[{"href":"https:\/\/assemit.com.br\/novo\/index.php?rest_route=\/wp\/v2\/types\/post"}],"author":[{"embeddable":true,"href":"https:\/\/assemit.com.br\/novo\/index.php?rest_route=\/wp\/v2\/users\/2"}],"replies":[{"embeddable":true,"href":"https:\/\/assemit.com.br\/novo\/index.php?rest_route=%2Fwp%2Fv2%2Fcomments&post=2821"}],"version-history":[{"count":8,"href":"https:\/\/assemit.com.br\/novo\/index.php?rest_route=\/wp\/v2\/posts\/2821\/revisions"}],"predecessor-version":[{"id":2837,"href":"https:\/\/assemit.com.br\/novo\/index.php?rest_route=\/wp\/v2\/posts\/2821\/revisions\/2837"}],"wp:attachment":[{"href":"https:\/\/assemit.com.br\/novo\/index.php?rest_route=%2Fwp%2Fv2%2Fmedia&parent=2821"}],"wp:term":[{"taxonomy":"category","embeddable":true,"href":"https:\/\/assemit.com.br\/novo\/index.php?rest_route=%2Fwp%2Fv2%2Fcategories&post=2821"},{"taxonomy":"post_tag","embeddable":true,"href":"https:\/\/assemit.com.br\/novo\/index.php?rest_route=%2Fwp%2Fv2%2Ftags&post=2821"}],"curies":[{"name":"wp","href":"https:\/\/api.w.org\/{rel}","templated":true}]}}