{"id":2833,"date":"2021-03-09T11:16:00","date_gmt":"2021-03-09T14:16:00","guid":{"rendered":"http:\/\/www.assemit.com.br\/novo2019\/?p=2833"},"modified":"2021-06-24T09:23:38","modified_gmt":"2021-06-24T12:23:38","slug":"diretoria-se-reune-presencialmente","status":"publish","type":"post","link":"https:\/\/assemit.com.br\/novo\/?p=2833","title":{"rendered":"Diretoria se re\u00fane presencialmente"},"content":{"rendered":"\n<p>Nesta manh\u00e3 (09.03) foi realizada a reuni\u00e3o presencial com a Diretoria da Assemit, com todos os cuidados necess\u00e1rios. Ap\u00f3s as boas vindas pelo presidente da entidade, Sr. Lucir Pedro Guareschi, foram os assuntos discutidos em pauta: reajustes das mensalidades, quadro atual de associados, novos conv\u00eanios, apresenta\u00e7\u00e3o de sugest\u00f5es de qualifica\u00e7\u00f5es para o decorrer do ano de 2021 pelo departamento de capacita\u00e7\u00e3o, a\u00e7\u00f5es de conscientiza\u00e7\u00e3o de uso da m\u00e1scara e \u00e1lcool gel em preven\u00e7\u00e3o ao covid-19 e demais assuntos gerais.<a href=\"https:\/\/www.facebook.com\/hashtag\/juntossomosmaisfortes?__eep__=6&amp;__cft__[0]=AZX0nJHVra4ADWUEzOMcygE3c4c8Q5tVSAdtKsouzlu7MqWP3bTvYU8UkBN2bi67X0-ysheQ47h8WmDqdDaSkuBdkp0plszlgDNU7CjsO3aYe0kTkmRj2-Tzp7Ui7SGqIHgZPjfcf1eoQeolFr1TXwao&amp;__tn__=*NK-R\">#juntossomosmaisfortes<\/a><\/p>\n\n\n\n<figure class=\"wp-block-gallery columns-1 is-cropped wp-block-gallery-1 is-layout-flex wp-block-gallery-is-layout-flex\"><ul class=\"blocks-gallery-grid\"><li class=\"blocks-gallery-item\"><figure><a href=\"http:\/\/www.assemit.com.br\/novo2019\/wp-content\/uploads\/2021\/03\/158788258_2914797755424555_53657036735599595_n.jpg\"><img loading=\"lazy\" decoding=\"async\" width=\"1024\" height=\"613\" src=\"http:\/\/www.assemit.com.br\/novo2019\/wp-content\/uploads\/2021\/03\/158788258_2914797755424555_53657036735599595_n-1024x613.jpg\" alt=\"\" data-id=\"2848\" data-full-url=\"http:\/\/www.assemit.com.br\/novo2019\/wp-content\/uploads\/2021\/03\/158788258_2914797755424555_53657036735599595_n.jpg\" data-link=\"http:\/\/www.assemit.com.br\/novo2019\/?attachment_id=2848\" class=\"wp-image-2848\" srcset=\"https:\/\/assemit.com.br\/novo\/wp-content\/uploads\/2021\/03\/158788258_2914797755424555_53657036735599595_n-1024x613.jpg 1024w, https:\/\/assemit.com.br\/novo\/wp-content\/uploads\/2021\/03\/158788258_2914797755424555_53657036735599595_n-300x180.jpg 300w, https:\/\/assemit.com.br\/novo\/wp-content\/uploads\/2021\/03\/158788258_2914797755424555_53657036735599595_n-768x460.jpg 768w, https:\/\/assemit.com.br\/novo\/wp-content\/uploads\/2021\/03\/158788258_2914797755424555_53657036735599595_n.jpg 1040w\" sizes=\"auto, (max-width: 1024px) 100vw, 1024px\" \/><\/a><\/figure><\/li><\/ul><\/figure>\n\n\n\n<p><\/p>\n","protected":false},"excerpt":{"rendered":"<p>Nesta manh\u00e3 (09.03) foi realizada a reuni\u00e3o presencial com a Diretoria da Assemit, com todos os cuidados necess\u00e1rios. Ap\u00f3s as boas vindas pelo presidente da entidade, Sr. Lucir Pedro Guareschi, foram os assuntos discutidos em pauta: reajustes das mensalidades, quadro [&hellip;]<\/p>\n","protected":false},"author":2,"featured_media":0,"comment_status":"closed","ping_status":"closed","sticky":false,"template":"","format":"standard","meta":{"ngg_post_thumbnail":0,"footnotes":""},"categories":[6],"tags":[],"class_list":["post-2833","post","type-post","status-publish","format-standard","hentry","category-novidades"],"_links":{"self":[{"href":"https:\/\/assemit.com.br\/novo\/index.php?rest_route=\/wp\/v2\/posts\/2833","targetHints":{"allow":["GET"]}}],"collection":[{"href":"https:\/\/assemit.com.br\/novo\/index.php?rest_route=\/wp\/v2\/posts"}],"about":[{"href":"https:\/\/assemit.com.br\/novo\/index.php?rest_route=\/wp\/v2\/types\/post"}],"author":[{"embeddable":true,"href":"https:\/\/assemit.com.br\/novo\/index.php?rest_route=\/wp\/v2\/users\/2"}],"replies":[{"embeddable":true,"href":"https:\/\/assemit.com.br\/novo\/index.php?rest_route=%2Fwp%2Fv2%2Fcomments&post=2833"}],"version-history":[{"count":3,"href":"https:\/\/assemit.com.br\/novo\/index.php?rest_route=\/wp\/v2\/posts\/2833\/revisions"}],"predecessor-version":[{"id":2849,"href":"https:\/\/assemit.com.br\/novo\/index.php?rest_route=\/wp\/v2\/posts\/2833\/revisions\/2849"}],"wp:attachment":[{"href":"https:\/\/assemit.com.br\/novo\/index.php?rest_route=%2Fwp%2Fv2%2Fmedia&parent=2833"}],"wp:term":[{"taxonomy":"category","embeddable":true,"href":"https:\/\/assemit.com.br\/novo\/index.php?rest_route=%2Fwp%2Fv2%2Fcategories&post=2833"},{"taxonomy":"post_tag","embeddable":true,"href":"https:\/\/assemit.com.br\/novo\/index.php?rest_route=%2Fwp%2Fv2%2Ftags&post=2833"}],"curies":[{"name":"wp","href":"https:\/\/api.w.org\/{rel}","templated":true}]}}