{"id":2838,"date":"2021-03-08T11:22:00","date_gmt":"2021-03-08T14:22:00","guid":{"rendered":"http:\/\/www.assemit.com.br\/novo2019\/?p=2838"},"modified":"2021-06-24T09:24:36","modified_gmt":"2021-06-24T12:24:36","slug":"reuniao-do-nucleo-de-alimentos","status":"publish","type":"post","link":"https:\/\/assemit.com.br\/novo\/?p=2838","title":{"rendered":"Reuni\u00e3o do N\u00facleo de Alimentos"},"content":{"rendered":"\n<figure class=\"wp-block-gallery columns-1 is-cropped wp-block-gallery-1 is-layout-flex wp-block-gallery-is-layout-flex\"><ul class=\"blocks-gallery-grid\"><li class=\"blocks-gallery-item\"><figure><a href=\"http:\/\/www.assemit.com.br\/novo2019\/wp-content\/uploads\/2021\/06\/158525917_2913887868848877_649775505935770985_n.jpg\"><img loading=\"lazy\" decoding=\"async\" width=\"780\" height=\"771\" src=\"http:\/\/www.assemit.com.br\/novo2019\/wp-content\/uploads\/2021\/06\/158525917_2913887868848877_649775505935770985_n.jpg\" alt=\"\" data-id=\"2850\" data-full-url=\"http:\/\/www.assemit.com.br\/novo2019\/wp-content\/uploads\/2021\/06\/158525917_2913887868848877_649775505935770985_n.jpg\" data-link=\"http:\/\/www.assemit.com.br\/novo2019\/?attachment_id=2850\" class=\"wp-image-2850\" srcset=\"https:\/\/assemit.com.br\/novo\/wp-content\/uploads\/2021\/06\/158525917_2913887868848877_649775505935770985_n.jpg 780w, https:\/\/assemit.com.br\/novo\/wp-content\/uploads\/2021\/06\/158525917_2913887868848877_649775505935770985_n-300x297.jpg 300w, https:\/\/assemit.com.br\/novo\/wp-content\/uploads\/2021\/06\/158525917_2913887868848877_649775505935770985_n-768x759.jpg 768w\" sizes=\"auto, (max-width: 780px) 100vw, 780px\" \/><\/a><\/figure><\/li><\/ul><\/figure>\n\n\n\n<p>Nesta manh\u00e3 (08.03) foi realizada a reuni\u00e3o com o N\u00facleo de Alimentos, com todos os cuidados necess\u00e1rios.<br>Foram assuntos abordados em pauta: troca de experi\u00eancias em cumprimento aos decretos de enfrentamento ao covid-19, orienta\u00e7\u00f5es sobre as regras em rela\u00e7\u00e3o a LGPD (Lei Geral de Prote\u00e7\u00e3o de Dados Pessoais), continuidade dos assuntos cr\u00edticos tratados mensalmente, sugest\u00f5es de cursos de qualifica\u00e7\u00f5es quanto a manipula\u00e7\u00e3o de alimentos e demais assuntos gerais.<\/p>\n\n\n\n<p><a href=\"https:\/\/www.facebook.com\/hashtag\/juntossomosmaisfortes?__eep__=6&amp;__tn__=*NK*F\">#juntossomosmaisfortes<\/a><\/p>\n","protected":false},"excerpt":{"rendered":"<p>Nesta manh\u00e3 (08.03) foi realizada a reuni\u00e3o com o N\u00facleo de Alimentos, com todos os cuidados necess\u00e1rios.Foram assuntos abordados em pauta: troca de experi\u00eancias em cumprimento aos decretos de enfrentamento ao covid-19, orienta\u00e7\u00f5es sobre as regras em rela\u00e7\u00e3o a LGPD [&hellip;]<\/p>\n","protected":false},"author":2,"featured_media":0,"comment_status":"closed","ping_status":"closed","sticky":false,"template":"","format":"standard","meta":{"ngg_post_thumbnail":0,"footnotes":""},"categories":[6],"tags":[],"class_list":["post-2838","post","type-post","status-publish","format-standard","hentry","category-novidades"],"_links":{"self":[{"href":"https:\/\/assemit.com.br\/novo\/index.php?rest_route=\/wp\/v2\/posts\/2838","targetHints":{"allow":["GET"]}}],"collection":[{"href":"https:\/\/assemit.com.br\/novo\/index.php?rest_route=\/wp\/v2\/posts"}],"about":[{"href":"https:\/\/assemit.com.br\/novo\/index.php?rest_route=\/wp\/v2\/types\/post"}],"author":[{"embeddable":true,"href":"https:\/\/assemit.com.br\/novo\/index.php?rest_route=\/wp\/v2\/users\/2"}],"replies":[{"embeddable":true,"href":"https:\/\/assemit.com.br\/novo\/index.php?rest_route=%2Fwp%2Fv2%2Fcomments&post=2838"}],"version-history":[{"count":2,"href":"https:\/\/assemit.com.br\/novo\/index.php?rest_route=\/wp\/v2\/posts\/2838\/revisions"}],"predecessor-version":[{"id":2851,"href":"https:\/\/assemit.com.br\/novo\/index.php?rest_route=\/wp\/v2\/posts\/2838\/revisions\/2851"}],"wp:attachment":[{"href":"https:\/\/assemit.com.br\/novo\/index.php?rest_route=%2Fwp%2Fv2%2Fmedia&parent=2838"}],"wp:term":[{"taxonomy":"category","embeddable":true,"href":"https:\/\/assemit.com.br\/novo\/index.php?rest_route=%2Fwp%2Fv2%2Fcategories&post=2838"},{"taxonomy":"post_tag","embeddable":true,"href":"https:\/\/assemit.com.br\/novo\/index.php?rest_route=%2Fwp%2Fv2%2Ftags&post=2838"}],"curies":[{"name":"wp","href":"https:\/\/api.w.org\/{rel}","templated":true}]}}