{"id":2840,"date":"2021-03-03T11:23:00","date_gmt":"2021-03-03T14:23:00","guid":{"rendered":"http:\/\/www.assemit.com.br\/novo2019\/?p=2840"},"modified":"2021-06-24T09:26:57","modified_gmt":"2021-06-24T12:26:57","slug":"reuniao-do-nucleo-do-jovem-empreendedor-de-itapiranga","status":"publish","type":"post","link":"https:\/\/assemit.com.br\/novo\/?p=2840","title":{"rendered":"Reuni\u00e3o do N\u00facleo do Jovem Empreendedor de Itapiranga"},"content":{"rendered":"\n<figure class=\"wp-block-gallery columns-2 is-cropped wp-block-gallery-1 is-layout-flex wp-block-gallery-is-layout-flex\"><ul class=\"blocks-gallery-grid\"><li class=\"blocks-gallery-item\"><figure><a href=\"http:\/\/www.assemit.com.br\/novo2019\/wp-content\/uploads\/2021\/06\/155488944_2910181082552889_4997091772065358947_n.jpg\"><img loading=\"lazy\" decoding=\"async\" width=\"1024\" height=\"546\" src=\"http:\/\/www.assemit.com.br\/novo2019\/wp-content\/uploads\/2021\/06\/155488944_2910181082552889_4997091772065358947_n-1024x546.jpg\" alt=\"\" data-id=\"2853\" data-full-url=\"http:\/\/www.assemit.com.br\/novo2019\/wp-content\/uploads\/2021\/06\/155488944_2910181082552889_4997091772065358947_n.jpg\" data-link=\"http:\/\/www.assemit.com.br\/novo2019\/?attachment_id=2853\" class=\"wp-image-2853\" srcset=\"https:\/\/assemit.com.br\/novo\/wp-content\/uploads\/2021\/06\/155488944_2910181082552889_4997091772065358947_n-1024x546.jpg 1024w, https:\/\/assemit.com.br\/novo\/wp-content\/uploads\/2021\/06\/155488944_2910181082552889_4997091772065358947_n-300x160.jpg 300w, https:\/\/assemit.com.br\/novo\/wp-content\/uploads\/2021\/06\/155488944_2910181082552889_4997091772065358947_n-768x409.jpg 768w, https:\/\/assemit.com.br\/novo\/wp-content\/uploads\/2021\/06\/155488944_2910181082552889_4997091772065358947_n.jpg 1280w\" sizes=\"auto, (max-width: 1024px) 100vw, 1024px\" \/><\/a><\/figure><\/li><li class=\"blocks-gallery-item\"><figure><a href=\"http:\/\/www.assemit.com.br\/novo2019\/wp-content\/uploads\/2021\/06\/155332900_2910181075886223_9125520050965065020_n.jpg\"><img loading=\"lazy\" decoding=\"async\" width=\"1024\" height=\"546\" src=\"http:\/\/www.assemit.com.br\/novo2019\/wp-content\/uploads\/2021\/06\/155332900_2910181075886223_9125520050965065020_n-1024x546.jpg\" alt=\"\" data-id=\"2852\" data-full-url=\"http:\/\/www.assemit.com.br\/novo2019\/wp-content\/uploads\/2021\/06\/155332900_2910181075886223_9125520050965065020_n.jpg\" data-link=\"http:\/\/www.assemit.com.br\/novo2019\/?attachment_id=2852\" class=\"wp-image-2852\" srcset=\"https:\/\/assemit.com.br\/novo\/wp-content\/uploads\/2021\/06\/155332900_2910181075886223_9125520050965065020_n-1024x546.jpg 1024w, https:\/\/assemit.com.br\/novo\/wp-content\/uploads\/2021\/06\/155332900_2910181075886223_9125520050965065020_n-300x160.jpg 300w, https:\/\/assemit.com.br\/novo\/wp-content\/uploads\/2021\/06\/155332900_2910181075886223_9125520050965065020_n-768x409.jpg 768w, https:\/\/assemit.com.br\/novo\/wp-content\/uploads\/2021\/06\/155332900_2910181075886223_9125520050965065020_n.jpg 1280w\" sizes=\"auto, (max-width: 1024px) 100vw, 1024px\" \/><\/a><\/figure><\/li><\/ul><\/figure>\n\n\n\n<p>Na noite de ontem (02.03) foi realizado mais um encontro online com o JEI (N\u00facleo do Jovem Empreendedor de Itapiranga). Tivemos a participa\u00e7\u00e3o especial da Elisiane B. Tavares, Gerente da Cooper A1, compartilhando um pouco da sua trajet\u00f3ria profissional aos nucleados. Uma troca valiosa, onde a demonstra\u00e7\u00e3o do comprometimento, dedica\u00e7\u00e3o e exemplo de gest\u00e3o justificam o sucesso de quase 30 anos na Cooper A1. Participou tamb\u00e9m deste momento a VP do CEJESC Jessica Guasselli, compartilhando um pouco dos trabalhos que ser\u00e3o realizados com os n\u00facleos do decorrer deste ano. Uma noite memor\u00e1vel, obrigada a todos pela participa\u00e7\u00e3o.<a href=\"https:\/\/www.facebook.com\/hashtag\/juntossomosmaisfortes?__eep__=6&amp;__cft__[0]=AZUbcQX42sQhrjJe81VAD37rFj5fvIoSELoX0Cirep60vu1KPWsVeliKGaZlLc7ZhvjdW9wjMsZHP8uZwnylB_VqvJfhh1jS38vyCNH1QL0OKpaaRUfsQm5xts0wGQrv5FR0v-YdIdRD4qHXEBXVy1mR&amp;__tn__=*NK-R\">#juntossomosmaisfortes<\/a><\/p>\n\n\n\n<p><\/p>\n\n\n\n<p><\/p>\n","protected":false},"excerpt":{"rendered":"<p>Na noite de ontem (02.03) foi realizado mais um encontro online com o JEI (N\u00facleo do Jovem Empreendedor de Itapiranga). Tivemos a participa\u00e7\u00e3o especial da Elisiane B. Tavares, Gerente da Cooper A1, compartilhando um pouco da sua trajet\u00f3ria profissional aos [&hellip;]<\/p>\n","protected":false},"author":2,"featured_media":0,"comment_status":"closed","ping_status":"closed","sticky":false,"template":"","format":"standard","meta":{"ngg_post_thumbnail":0,"footnotes":""},"categories":[6],"tags":[],"class_list":["post-2840","post","type-post","status-publish","format-standard","hentry","category-novidades"],"_links":{"self":[{"href":"https:\/\/assemit.com.br\/novo\/index.php?rest_route=\/wp\/v2\/posts\/2840","targetHints":{"allow":["GET"]}}],"collection":[{"href":"https:\/\/assemit.com.br\/novo\/index.php?rest_route=\/wp\/v2\/posts"}],"about":[{"href":"https:\/\/assemit.com.br\/novo\/index.php?rest_route=\/wp\/v2\/types\/post"}],"author":[{"embeddable":true,"href":"https:\/\/assemit.com.br\/novo\/index.php?rest_route=\/wp\/v2\/users\/2"}],"replies":[{"embeddable":true,"href":"https:\/\/assemit.com.br\/novo\/index.php?rest_route=%2Fwp%2Fv2%2Fcomments&post=2840"}],"version-history":[{"count":3,"href":"https:\/\/assemit.com.br\/novo\/index.php?rest_route=\/wp\/v2\/posts\/2840\/revisions"}],"predecessor-version":[{"id":2856,"href":"https:\/\/assemit.com.br\/novo\/index.php?rest_route=\/wp\/v2\/posts\/2840\/revisions\/2856"}],"wp:attachment":[{"href":"https:\/\/assemit.com.br\/novo\/index.php?rest_route=%2Fwp%2Fv2%2Fmedia&parent=2840"}],"wp:term":[{"taxonomy":"category","embeddable":true,"href":"https:\/\/assemit.com.br\/novo\/index.php?rest_route=%2Fwp%2Fv2%2Fcategories&post=2840"},{"taxonomy":"post_tag","embeddable":true,"href":"https:\/\/assemit.com.br\/novo\/index.php?rest_route=%2Fwp%2Fv2%2Ftags&post=2840"}],"curies":[{"name":"wp","href":"https:\/\/api.w.org\/{rel}","templated":true}]}}