{"id":3121,"date":"2021-11-27T10:08:00","date_gmt":"2021-11-27T13:08:00","guid":{"rendered":"https:\/\/assemit.com.br\/novo\/?p=3121"},"modified":"2021-12-10T10:44:35","modified_gmt":"2021-12-10T13:44:35","slug":"eu-uso-sacolas-retornaveis-e-voce","status":"publish","type":"post","link":"https:\/\/assemit.com.br\/novo\/?p=3121","title":{"rendered":"Eu uso sacolas retorn\u00e1veis, e voc\u00ea?"},"content":{"rendered":"\n<p>Na \u00faltima sexta (26\/11) aconteceu o Ped\u00e1gio de Conscientiza\u00e7\u00e3o <a href=\"https:\/\/www.facebook.com\/hashtag\/euusosacolasretorn%C3%A1veis?__eep__=6&amp;__cft__[0]=AZU7_5cjmdmb1ji9rUFKX7PunS9ZEl2hX2Cefd_tiwsl12LzSiU1kxf3bwZHnw9E7RsEJGpoh6-pckWspvCte7U3nWycTHaxu22S3W2o0R6nx6zx025-AgRTXvqqHO246s3T40Y3z1XzGTVSHXUbOxmS&amp;__tn__=*NK-R\">#EuUsoSacolasRetorn\u00e1veis<\/a>, a\u00e7\u00e3o desenvolvida atrav\u00e9s do N\u00facleo de Alimentos em parceria com o N\u00facleo de Contadores, UCEFF e Secret\u00e1ria da Sa\u00fade.<\/p>\n\n\n\n<p>Foram distribu\u00eddas 400 sacolas retorn\u00e1veis gratuitas junto aos sem\u00e1foros perto da pra\u00e7a dos pioneiros. O objetivo da campanha \u00e9 conscientizar que a popula\u00e7\u00e3o Itapiranguense volte a usar e trazer as sacolas retorn\u00e1veis aos supermercados e comercio em geral.<\/p>\n\n\n\n<figure class=\"wp-block-gallery columns-3 is-cropped wp-block-gallery-1 is-layout-flex wp-block-gallery-is-layout-flex\"><ul class=\"blocks-gallery-grid\"><li class=\"blocks-gallery-item\"><figure><a href=\"https:\/\/assemit.com.br\/novo\/wp-content\/uploads\/2021\/12\/pedagio_assemit1-1.jpg\"><img loading=\"lazy\" decoding=\"async\" width=\"1024\" height=\"768\" src=\"https:\/\/assemit.com.br\/novo\/wp-content\/uploads\/2021\/12\/pedagio_assemit1-1-1024x768.jpg\" alt=\"\" data-id=\"3146\" data-full-url=\"https:\/\/assemit.com.br\/novo\/wp-content\/uploads\/2021\/12\/pedagio_assemit1-1.jpg\" data-link=\"https:\/\/assemit.com.br\/novo\/?attachment_id=3146\" class=\"wp-image-3146\" srcset=\"https:\/\/assemit.com.br\/novo\/wp-content\/uploads\/2021\/12\/pedagio_assemit1-1-1024x768.jpg 1024w, https:\/\/assemit.com.br\/novo\/wp-content\/uploads\/2021\/12\/pedagio_assemit1-1-300x225.jpg 300w, https:\/\/assemit.com.br\/novo\/wp-content\/uploads\/2021\/12\/pedagio_assemit1-1-768x576.jpg 768w, https:\/\/assemit.com.br\/novo\/wp-content\/uploads\/2021\/12\/pedagio_assemit1-1-1536x1152.jpg 1536w, https:\/\/assemit.com.br\/novo\/wp-content\/uploads\/2021\/12\/pedagio_assemit1-1.jpg 1600w\" sizes=\"auto, (max-width: 1024px) 100vw, 1024px\" \/><\/a><\/figure><\/li><li class=\"blocks-gallery-item\"><figure><a href=\"https:\/\/assemit.com.br\/novo\/wp-content\/uploads\/2021\/12\/pedagio_assemit2-1.jpg\"><img loading=\"lazy\" decoding=\"async\" width=\"1024\" height=\"768\" src=\"https:\/\/assemit.com.br\/novo\/wp-content\/uploads\/2021\/12\/pedagio_assemit2-1-1024x768.jpg\" alt=\"\" data-id=\"3145\" data-full-url=\"https:\/\/assemit.com.br\/novo\/wp-content\/uploads\/2021\/12\/pedagio_assemit2-1.jpg\" data-link=\"https:\/\/assemit.com.br\/novo\/?attachment_id=3145\" class=\"wp-image-3145\" srcset=\"https:\/\/assemit.com.br\/novo\/wp-content\/uploads\/2021\/12\/pedagio_assemit2-1-1024x768.jpg 1024w, https:\/\/assemit.com.br\/novo\/wp-content\/uploads\/2021\/12\/pedagio_assemit2-1-300x225.jpg 300w, https:\/\/assemit.com.br\/novo\/wp-content\/uploads\/2021\/12\/pedagio_assemit2-1-768x576.jpg 768w, https:\/\/assemit.com.br\/novo\/wp-content\/uploads\/2021\/12\/pedagio_assemit2-1-1536x1152.jpg 1536w, https:\/\/assemit.com.br\/novo\/wp-content\/uploads\/2021\/12\/pedagio_assemit2-1.jpg 1600w\" sizes=\"auto, (max-width: 1024px) 100vw, 1024px\" \/><\/a><\/figure><\/li><li class=\"blocks-gallery-item\"><figure><a href=\"https:\/\/assemit.com.br\/novo\/wp-content\/uploads\/2021\/12\/pedagio_assemit3.jpg\"><img loading=\"lazy\" decoding=\"async\" width=\"1024\" height=\"768\" src=\"https:\/\/assemit.com.br\/novo\/wp-content\/uploads\/2021\/12\/pedagio_assemit3-1024x768.jpg\" alt=\"\" data-id=\"3144\" data-full-url=\"https:\/\/assemit.com.br\/novo\/wp-content\/uploads\/2021\/12\/pedagio_assemit3.jpg\" data-link=\"https:\/\/assemit.com.br\/novo\/?attachment_id=3144\" class=\"wp-image-3144\" srcset=\"https:\/\/assemit.com.br\/novo\/wp-content\/uploads\/2021\/12\/pedagio_assemit3-1024x768.jpg 1024w, https:\/\/assemit.com.br\/novo\/wp-content\/uploads\/2021\/12\/pedagio_assemit3-300x225.jpg 300w, https:\/\/assemit.com.br\/novo\/wp-content\/uploads\/2021\/12\/pedagio_assemit3-768x576.jpg 768w, https:\/\/assemit.com.br\/novo\/wp-content\/uploads\/2021\/12\/pedagio_assemit3-1536x1152.jpg 1536w, https:\/\/assemit.com.br\/novo\/wp-content\/uploads\/2021\/12\/pedagio_assemit3.jpg 1600w\" sizes=\"auto, (max-width: 1024px) 100vw, 1024px\" \/><\/a><\/figure><\/li><\/ul><\/figure>\n","protected":false},"excerpt":{"rendered":"<p>Na \u00faltima sexta (26\/11) aconteceu o Ped\u00e1gio de Conscientiza\u00e7\u00e3o #EuUsoSacolasRetorn\u00e1veis, a\u00e7\u00e3o desenvolvida atrav\u00e9s do N\u00facleo de Alimentos em parceria com o N\u00facleo de Contadores, UCEFF e Secret\u00e1ria da Sa\u00fade. Foram distribu\u00eddas 400 sacolas retorn\u00e1veis gratuitas junto aos sem\u00e1foros perto da [&hellip;]<\/p>\n","protected":false},"author":1,"featured_media":3122,"comment_status":"closed","ping_status":"closed","sticky":false,"template":"","format":"standard","meta":{"ngg_post_thumbnail":0,"footnotes":""},"categories":[1],"tags":[],"class_list":["post-3121","post","type-post","status-publish","format-standard","has-post-thumbnail","hentry","category-sem-categoria"],"_links":{"self":[{"href":"https:\/\/assemit.com.br\/novo\/index.php?rest_route=\/wp\/v2\/posts\/3121","targetHints":{"allow":["GET"]}}],"collection":[{"href":"https:\/\/assemit.com.br\/novo\/index.php?rest_route=\/wp\/v2\/posts"}],"about":[{"href":"https:\/\/assemit.com.br\/novo\/index.php?rest_route=\/wp\/v2\/types\/post"}],"author":[{"embeddable":true,"href":"https:\/\/assemit.com.br\/novo\/index.php?rest_route=\/wp\/v2\/users\/1"}],"replies":[{"embeddable":true,"href":"https:\/\/assemit.com.br\/novo\/index.php?rest_route=%2Fwp%2Fv2%2Fcomments&post=3121"}],"version-history":[{"count":3,"href":"https:\/\/assemit.com.br\/novo\/index.php?rest_route=\/wp\/v2\/posts\/3121\/revisions"}],"predecessor-version":[{"id":3148,"href":"https:\/\/assemit.com.br\/novo\/index.php?rest_route=\/wp\/v2\/posts\/3121\/revisions\/3148"}],"wp:featuredmedia":[{"embeddable":true,"href":"https:\/\/assemit.com.br\/novo\/index.php?rest_route=\/wp\/v2\/media\/3122"}],"wp:attachment":[{"href":"https:\/\/assemit.com.br\/novo\/index.php?rest_route=%2Fwp%2Fv2%2Fmedia&parent=3121"}],"wp:term":[{"taxonomy":"category","embeddable":true,"href":"https:\/\/assemit.com.br\/novo\/index.php?rest_route=%2Fwp%2Fv2%2Fcategories&post=3121"},{"taxonomy":"post_tag","embeddable":true,"href":"https:\/\/assemit.com.br\/novo\/index.php?rest_route=%2Fwp%2Fv2%2Ftags&post=3121"}],"curies":[{"name":"wp","href":"https:\/\/api.w.org\/{rel}","templated":true}]}}