{"id":3165,"date":"2022-06-10T16:38:00","date_gmt":"2022-06-10T19:38:00","guid":{"rendered":"https:\/\/assemit.com.br\/novo\/?p=3165"},"modified":"2022-07-07T16:38:28","modified_gmt":"2022-07-07T19:38:28","slug":"jovem-empreendedor-itapiranguense-jei","status":"publish","type":"post","link":"https:\/\/assemit.com.br\/novo\/?p=3165","title":{"rendered":"Jovem Empreendedor Itapiranguense &#8211; JEI"},"content":{"rendered":"\n<p>Na noite de ontem (09.06) aconteceu a segunda edi\u00e7\u00e3o do Work Empresarial, desenvolvido pelo n\u00facleo do Jovem Empreendedor Itapiranguense. Inicialmente tivemos a abertura do evento com duas apresenta\u00e7\u00f5es dos estudantes da Associa\u00e7\u00e3o e Orquestra de Itapiranga, logo em seguida um momento de fala com Vicente Royer, falando sobre as Tend\u00eancias do Empreendedorismos na Pandemia. E para finalizar a noite um bate papo mediado por Sadi Reckzigel, com os empres\u00e1rios Milton Simon empres\u00e1rio da Imobili\u00e1ria Terra Boa, Walburga Sausen e Zelia Sausen empres\u00e1rias da Rafael L\u00e3s e Linhas e Mariane R. Grutzmann e Mirele R. Grutzmann empres\u00e1rias da Mariele Moveis.<\/p>\n\n\n\n<p>O N\u00facleo do JEI agradece pela noite de troca de conhecimentos e experiencias, o objetivo da noite de estimulas o empreendedorismo que est\u00e1 intr\u00ednseco em cada um de n\u00f3s foi alcan\u00e7ado. Muito obrigada a todos os presentes na noite, aos patrocinadores, parceiros e principalmente ao time de nucleados por toda organiza\u00e7\u00e3o do evento.<\/p>\n\n\n\n<p><a href=\"https:\/\/www.facebook.com\/hashtag\/juntossomosmaisfortes?__eep__=6&amp;__cft__[0]=AZXATHHfHWhQbeUVmyPs80MpRtdRS0rPpdd3hw_Ne0RKUtcRrKBF6nXcM0LbAYTuVcHbBkGsnvh4AE8U13D4PAneikkxca057BEUsTbWkYCk9n2rKaREgncXP3E5RBMSiGxaeXzhlAgTGpBzx6lS6ep7mDUS2kPv8mFFUBvf7QKBrI2RqmD4ypBuJt4HCzgdkaiJkHtWDk3W677m3BJyw5YP&amp;__tn__=*NK-y-R\">#juntossomosmaisfortes<\/a><\/p>\n","protected":false},"excerpt":{"rendered":"<p>Na noite de ontem (09.06) aconteceu a segunda edi\u00e7\u00e3o do Work Empresarial, desenvolvido pelo n\u00facleo do Jovem Empreendedor Itapiranguense. Inicialmente tivemos a abertura do evento com duas apresenta\u00e7\u00f5es dos estudantes da Associa\u00e7\u00e3o e Orquestra de Itapiranga, logo em seguida um [&hellip;]<\/p>\n","protected":false},"author":2,"featured_media":3166,"comment_status":"closed","ping_status":"closed","sticky":false,"template":"","format":"standard","meta":{"ngg_post_thumbnail":0,"footnotes":""},"categories":[6],"tags":[],"class_list":["post-3165","post","type-post","status-publish","format-standard","has-post-thumbnail","hentry","category-novidades"],"_links":{"self":[{"href":"https:\/\/assemit.com.br\/novo\/index.php?rest_route=\/wp\/v2\/posts\/3165","targetHints":{"allow":["GET"]}}],"collection":[{"href":"https:\/\/assemit.com.br\/novo\/index.php?rest_route=\/wp\/v2\/posts"}],"about":[{"href":"https:\/\/assemit.com.br\/novo\/index.php?rest_route=\/wp\/v2\/types\/post"}],"author":[{"embeddable":true,"href":"https:\/\/assemit.com.br\/novo\/index.php?rest_route=\/wp\/v2\/users\/2"}],"replies":[{"embeddable":true,"href":"https:\/\/assemit.com.br\/novo\/index.php?rest_route=%2Fwp%2Fv2%2Fcomments&post=3165"}],"version-history":[{"count":1,"href":"https:\/\/assemit.com.br\/novo\/index.php?rest_route=\/wp\/v2\/posts\/3165\/revisions"}],"predecessor-version":[{"id":3167,"href":"https:\/\/assemit.com.br\/novo\/index.php?rest_route=\/wp\/v2\/posts\/3165\/revisions\/3167"}],"wp:featuredmedia":[{"embeddable":true,"href":"https:\/\/assemit.com.br\/novo\/index.php?rest_route=\/wp\/v2\/media\/3166"}],"wp:attachment":[{"href":"https:\/\/assemit.com.br\/novo\/index.php?rest_route=%2Fwp%2Fv2%2Fmedia&parent=3165"}],"wp:term":[{"taxonomy":"category","embeddable":true,"href":"https:\/\/assemit.com.br\/novo\/index.php?rest_route=%2Fwp%2Fv2%2Fcategories&post=3165"},{"taxonomy":"post_tag","embeddable":true,"href":"https:\/\/assemit.com.br\/novo\/index.php?rest_route=%2Fwp%2Fv2%2Ftags&post=3165"}],"curies":[{"name":"wp","href":"https:\/\/api.w.org\/{rel}","templated":true}]}}