{"id":3227,"date":"2022-10-24T07:58:07","date_gmt":"2022-10-24T10:58:07","guid":{"rendered":"https:\/\/assemit.com.br\/novo\/?p=3227"},"modified":"2022-10-24T09:45:43","modified_gmt":"2022-10-24T12:45:43","slug":"assemit-confirma-nova-diretoria-em-assembleia-festiva","status":"publish","type":"post","link":"https:\/\/assemit.com.br\/novo\/?p=3227","title":{"rendered":"Assemit confirma nova diretoria em Assembleia Festiva"},"content":{"rendered":"\n<p>A elei\u00e7\u00e3o foi realizada na noite desta sexta-feira, 21, no Manchini Eventos, com jantar festivo celebrando tamb\u00e9m a Oktoberfest. O empres\u00e1rio\u00a0<strong>Francelino Ribeiro<\/strong>\u00a0foi confirmado presidente para os pr\u00f3ximos tr\u00eas anos. Ele ter\u00e1 como vice o advogado Airton Sehn.<\/p>\n\n\n\n<p>A diretoria do pr\u00f3ximo tri\u00eanio ainda ter\u00e1 como tesoureiro Norberto Lengert, vice Clemente Schnorrenberger, secret\u00e1ria Vanessa Guarda e vice Maria Helena Becker. Incluindo todos os departamentos e conselhos, a diretoria da Associa\u00e7\u00e3o Empresarial de Itapiranga possui 34 integrantes.<br><br>O atual presidente da Assemit, Lucir Guareschi permanece no cargo at\u00e9 31 de dezembro. A posse da nova dever\u00e1 ser no final de novembro e inicia o mandato em primeiro de janeiro.<\/p>\n\n\n\n<p>A Associa\u00e7\u00e3o Empresarial de Itapiranga possui v\u00e1rios eventos programas. O tradicional baile do dos associados Assemit est\u00e1 marcado para o dia 14 de novembro, v\u00e9spera de feriado, na Sociedade Imigrantes, com anima\u00e7\u00e3o de Jorge e L\u00e9o. No final do ano ainda ocorre o segundo sorteio do Show da Sorte que ser\u00e1 finalizado na Efrait em 2023. A Exposi\u00e7\u00e3o Feira Agropecu\u00e1ria e Comercial ser\u00e1 o primeiro desafio da nova diretoria da Assemit.<\/p>\n\n\n\n<p><strong>Diretoria 2023\/2025<\/strong><\/p>\n\n\n\n<ul class=\"wp-block-list\"><li><strong>Presidente:<\/strong> Francelino Julio Rambo Ribeiro<\/li><li><strong>Vice-presidente: <\/strong>Airton Sehn<\/li><li><strong>Tesoureiro:<\/strong> Norberto Lengert<\/li><li><strong>Vice-tesoureiro:<\/strong> Clemente Scnorrenberger<\/li><li><strong>Secret\u00e1ria: <\/strong>Vanessa Gabriele Rodrigues Guarda<\/li><li><strong>Vice-secret\u00e1ria: <\/strong>Maria Helena Schmitz Becker<\/li><li><strong>Conselho Fiscal: <\/strong>Vanderlei Melchiors; Cesar Henrique Casagrande de Moura; Claudio Bourscheid<\/li><li><strong>Conselho Fiscal Suplentes:<\/strong> Debora Manchini; Siamara Mallmann Klein; Vicente Royer<\/li><li><strong>Assessoria Jur\u00eddica:<\/strong> Elenice Strieder Sehn<\/li><li><strong>Assessoria de Comunica\u00e7\u00e3o:<\/strong> Sadi Jos\u00e9 Reckziegel e Abr\u00e3o Jaime Melo de Moura<\/li><li><strong>Departamento Agropecu\u00e1rio:<\/strong> Roberto Lenz<\/li><li><strong>Departamento de Infraestrutura: <\/strong>Lucir Pedro Guareschi e Nivaldo Ritter Grutzmann<\/li><li><strong>Departamento do Com\u00e9rcio: <\/strong>Claudir Werlang<\/li><li><strong>Departamento de Turismo: <\/strong>Edevaldo Kraemer<\/li><li><strong>Departamento de Presta\u00e7\u00e3o de Servi\u00e7os:<\/strong> Rodrivan Marangoni e Jhonny Gribler<\/li><li><strong>Departamento de Prote\u00e7\u00e3o ao Cr\u00e9dito:<\/strong> Gilvane Kern<\/li><li><strong>Departamento de Solu\u00e7\u00f5es Empresariais:<\/strong> Guido Flach<\/li><li><strong>Departamento de Aperfei\u00e7oamento Profissional:<\/strong> Michel de Souza e Alexandre Siqueira<\/li><li><strong>Departamento de Eventos e Show da Sorte:<\/strong> Gilvane Kern e Pedro Paulo Pereira<\/li><li><strong>Departamento do Empreender:<\/strong> Pedro Jos\u00e9 Kunrath<\/li><li><strong>Departamento da EFRAIT:<\/strong> Elton Martinho Maldaner e Cleusa Soethe Guareschi<\/li><li><strong>Conselho Deliberativo:<\/strong> Lucir Pedro Guareschi; Clemente Scnorrenberger; Elton Martinho Maldaner<\/li><\/ul>\n\n\n\n<figure class=\"wp-block-gallery has-nested-images columns-default is-cropped wp-block-gallery-1 is-layout-flex wp-block-gallery-is-layout-flex\">\n<figure class=\"wp-block-image size-large\"><a href=\"https:\/\/assemit.com.br\/novo\/wp-content\/uploads\/2022\/10\/IMG_6009-scaled.jpg\"><img loading=\"lazy\" decoding=\"async\" width=\"1024\" height=\"683\" data-id=\"3234\" src=\"https:\/\/assemit.com.br\/novo\/wp-content\/uploads\/2022\/10\/IMG_6009-1024x683.jpg\" alt=\"\" class=\"wp-image-3234\" srcset=\"https:\/\/assemit.com.br\/novo\/wp-content\/uploads\/2022\/10\/IMG_6009-1024x683.jpg 1024w, https:\/\/assemit.com.br\/novo\/wp-content\/uploads\/2022\/10\/IMG_6009-300x200.jpg 300w, https:\/\/assemit.com.br\/novo\/wp-content\/uploads\/2022\/10\/IMG_6009-768x512.jpg 768w, https:\/\/assemit.com.br\/novo\/wp-content\/uploads\/2022\/10\/IMG_6009-1536x1024.jpg 1536w, https:\/\/assemit.com.br\/novo\/wp-content\/uploads\/2022\/10\/IMG_6009-2048x1365.jpg 2048w\" sizes=\"auto, (max-width: 1024px) 100vw, 1024px\" \/><\/a><\/figure>\n\n\n\n<figure class=\"wp-block-image size-large\"><a href=\"https:\/\/assemit.com.br\/novo\/wp-content\/uploads\/2022\/10\/IMG_6012-scaled.jpg\"><img loading=\"lazy\" decoding=\"async\" width=\"1024\" height=\"683\" data-id=\"3232\" src=\"https:\/\/assemit.com.br\/novo\/wp-content\/uploads\/2022\/10\/IMG_6012-1024x683.jpg\" alt=\"\" class=\"wp-image-3232\" srcset=\"https:\/\/assemit.com.br\/novo\/wp-content\/uploads\/2022\/10\/IMG_6012-1024x683.jpg 1024w, https:\/\/assemit.com.br\/novo\/wp-content\/uploads\/2022\/10\/IMG_6012-300x200.jpg 300w, https:\/\/assemit.com.br\/novo\/wp-content\/uploads\/2022\/10\/IMG_6012-768x512.jpg 768w, https:\/\/assemit.com.br\/novo\/wp-content\/uploads\/2022\/10\/IMG_6012-1536x1024.jpg 1536w, https:\/\/assemit.com.br\/novo\/wp-content\/uploads\/2022\/10\/IMG_6012-2048x1365.jpg 2048w\" sizes=\"auto, (max-width: 1024px) 100vw, 1024px\" \/><\/a><\/figure>\n\n\n\n<figure class=\"wp-block-image size-large\"><a href=\"https:\/\/assemit.com.br\/novo\/wp-content\/uploads\/2022\/10\/IMG_6018-scaled.jpg\"><img loading=\"lazy\" decoding=\"async\" width=\"1024\" height=\"683\" data-id=\"3231\" src=\"https:\/\/assemit.com.br\/novo\/wp-content\/uploads\/2022\/10\/IMG_6018-1024x683.jpg\" alt=\"\" class=\"wp-image-3231\" srcset=\"https:\/\/assemit.com.br\/novo\/wp-content\/uploads\/2022\/10\/IMG_6018-1024x683.jpg 1024w, https:\/\/assemit.com.br\/novo\/wp-content\/uploads\/2022\/10\/IMG_6018-300x200.jpg 300w, https:\/\/assemit.com.br\/novo\/wp-content\/uploads\/2022\/10\/IMG_6018-768x512.jpg 768w, https:\/\/assemit.com.br\/novo\/wp-content\/uploads\/2022\/10\/IMG_6018-1536x1024.jpg 1536w, https:\/\/assemit.com.br\/novo\/wp-content\/uploads\/2022\/10\/IMG_6018-2048x1365.jpg 2048w\" sizes=\"auto, (max-width: 1024px) 100vw, 1024px\" \/><\/a><\/figure>\n\n\n\n<figure class=\"wp-block-image size-large\"><a href=\"https:\/\/assemit.com.br\/novo\/wp-content\/uploads\/2022\/10\/IMG_6019-scaled.jpg\"><img loading=\"lazy\" decoding=\"async\" width=\"1024\" height=\"683\" data-id=\"3233\" src=\"https:\/\/assemit.com.br\/novo\/wp-content\/uploads\/2022\/10\/IMG_6019-1024x683.jpg\" alt=\"\" class=\"wp-image-3233\" srcset=\"https:\/\/assemit.com.br\/novo\/wp-content\/uploads\/2022\/10\/IMG_6019-1024x683.jpg 1024w, https:\/\/assemit.com.br\/novo\/wp-content\/uploads\/2022\/10\/IMG_6019-300x200.jpg 300w, https:\/\/assemit.com.br\/novo\/wp-content\/uploads\/2022\/10\/IMG_6019-768x512.jpg 768w, https:\/\/assemit.com.br\/novo\/wp-content\/uploads\/2022\/10\/IMG_6019-1536x1024.jpg 1536w, https:\/\/assemit.com.br\/novo\/wp-content\/uploads\/2022\/10\/IMG_6019-2048x1365.jpg 2048w\" sizes=\"auto, (max-width: 1024px) 100vw, 1024px\" \/><\/a><\/figure>\n\n\n\n<figure class=\"wp-block-image size-large\"><a href=\"https:\/\/assemit.com.br\/novo\/wp-content\/uploads\/2022\/10\/IMG_6022-scaled.jpg\"><img loading=\"lazy\" decoding=\"async\" width=\"1024\" height=\"683\" data-id=\"3235\" src=\"https:\/\/assemit.com.br\/novo\/wp-content\/uploads\/2022\/10\/IMG_6022-1024x683.jpg\" alt=\"\" class=\"wp-image-3235\" srcset=\"https:\/\/assemit.com.br\/novo\/wp-content\/uploads\/2022\/10\/IMG_6022-1024x683.jpg 1024w, https:\/\/assemit.com.br\/novo\/wp-content\/uploads\/2022\/10\/IMG_6022-300x200.jpg 300w, https:\/\/assemit.com.br\/novo\/wp-content\/uploads\/2022\/10\/IMG_6022-768x512.jpg 768w, https:\/\/assemit.com.br\/novo\/wp-content\/uploads\/2022\/10\/IMG_6022-1536x1024.jpg 1536w, https:\/\/assemit.com.br\/novo\/wp-content\/uploads\/2022\/10\/IMG_6022-2048x1365.jpg 2048w\" sizes=\"auto, (max-width: 1024px) 100vw, 1024px\" \/><\/a><\/figure>\n\n\n\n<figure class=\"wp-block-image size-large\"><a href=\"https:\/\/assemit.com.br\/novo\/wp-content\/uploads\/2022\/10\/IMG_6023-scaled.jpg\"><img loading=\"lazy\" decoding=\"async\" width=\"1024\" height=\"683\" data-id=\"3236\" src=\"https:\/\/assemit.com.br\/novo\/wp-content\/uploads\/2022\/10\/IMG_6023-1024x683.jpg\" alt=\"\" class=\"wp-image-3236\" srcset=\"https:\/\/assemit.com.br\/novo\/wp-content\/uploads\/2022\/10\/IMG_6023-1024x683.jpg 1024w, https:\/\/assemit.com.br\/novo\/wp-content\/uploads\/2022\/10\/IMG_6023-300x200.jpg 300w, https:\/\/assemit.com.br\/novo\/wp-content\/uploads\/2022\/10\/IMG_6023-768x512.jpg 768w, https:\/\/assemit.com.br\/novo\/wp-content\/uploads\/2022\/10\/IMG_6023-1536x1024.jpg 1536w, https:\/\/assemit.com.br\/novo\/wp-content\/uploads\/2022\/10\/IMG_6023-2048x1365.jpg 2048w\" sizes=\"auto, (max-width: 1024px) 100vw, 1024px\" \/><\/a><\/figure>\n\n\n\n<figure class=\"wp-block-image size-large\"><a href=\"https:\/\/assemit.com.br\/novo\/wp-content\/uploads\/2022\/10\/IMG_6028-scaled.jpg\"><img loading=\"lazy\" decoding=\"async\" width=\"1024\" height=\"683\" data-id=\"3238\" src=\"https:\/\/assemit.com.br\/novo\/wp-content\/uploads\/2022\/10\/IMG_6028-1024x683.jpg\" alt=\"\" class=\"wp-image-3238\" srcset=\"https:\/\/assemit.com.br\/novo\/wp-content\/uploads\/2022\/10\/IMG_6028-1024x683.jpg 1024w, https:\/\/assemit.com.br\/novo\/wp-content\/uploads\/2022\/10\/IMG_6028-300x200.jpg 300w, https:\/\/assemit.com.br\/novo\/wp-content\/uploads\/2022\/10\/IMG_6028-768x512.jpg 768w, https:\/\/assemit.com.br\/novo\/wp-content\/uploads\/2022\/10\/IMG_6028-1536x1024.jpg 1536w, https:\/\/assemit.com.br\/novo\/wp-content\/uploads\/2022\/10\/IMG_6028-2048x1365.jpg 2048w\" sizes=\"auto, (max-width: 1024px) 100vw, 1024px\" \/><\/a><\/figure>\n\n\n\n<figure class=\"wp-block-image size-large\"><a href=\"https:\/\/assemit.com.br\/novo\/wp-content\/uploads\/2022\/10\/IMG_6032-scaled.jpg\"><img loading=\"lazy\" decoding=\"async\" width=\"1024\" height=\"683\" data-id=\"3237\" src=\"https:\/\/assemit.com.br\/novo\/wp-content\/uploads\/2022\/10\/IMG_6032-1024x683.jpg\" alt=\"\" class=\"wp-image-3237\" srcset=\"https:\/\/assemit.com.br\/novo\/wp-content\/uploads\/2022\/10\/IMG_6032-1024x683.jpg 1024w, https:\/\/assemit.com.br\/novo\/wp-content\/uploads\/2022\/10\/IMG_6032-300x200.jpg 300w, https:\/\/assemit.com.br\/novo\/wp-content\/uploads\/2022\/10\/IMG_6032-768x512.jpg 768w, https:\/\/assemit.com.br\/novo\/wp-content\/uploads\/2022\/10\/IMG_6032-1536x1024.jpg 1536w, https:\/\/assemit.com.br\/novo\/wp-content\/uploads\/2022\/10\/IMG_6032-2048x1365.jpg 2048w\" sizes=\"auto, (max-width: 1024px) 100vw, 1024px\" \/><\/a><\/figure>\n\n\n\n<figure class=\"wp-block-image size-large\"><a href=\"https:\/\/assemit.com.br\/novo\/wp-content\/uploads\/2022\/10\/IMG_6035-scaled.jpg\"><img loading=\"lazy\" decoding=\"async\" width=\"1024\" height=\"683\" data-id=\"3239\" src=\"https:\/\/assemit.com.br\/novo\/wp-content\/uploads\/2022\/10\/IMG_6035-1024x683.jpg\" alt=\"\" class=\"wp-image-3239\" srcset=\"https:\/\/assemit.com.br\/novo\/wp-content\/uploads\/2022\/10\/IMG_6035-1024x683.jpg 1024w, https:\/\/assemit.com.br\/novo\/wp-content\/uploads\/2022\/10\/IMG_6035-300x200.jpg 300w, https:\/\/assemit.com.br\/novo\/wp-content\/uploads\/2022\/10\/IMG_6035-768x512.jpg 768w, https:\/\/assemit.com.br\/novo\/wp-content\/uploads\/2022\/10\/IMG_6035-1536x1024.jpg 1536w, https:\/\/assemit.com.br\/novo\/wp-content\/uploads\/2022\/10\/IMG_6035-2048x1365.jpg 2048w\" sizes=\"auto, (max-width: 1024px) 100vw, 1024px\" \/><\/a><\/figure>\n<\/figure>\n\n\n\n<p>Fonte: <a href=\"https:\/\/www.peperi.com.br\/noticias\/22-10-2022-assemit-confirma-nova-diretoria-em-assembleia-festiva\/\">peperi.com.br<\/a><\/p>\n","protected":false},"excerpt":{"rendered":"<p>A elei\u00e7\u00e3o foi realizada na noite desta sexta-feira, 21, no Manchini Eventos, com jantar festivo celebrando tamb\u00e9m a Oktoberfest. O empres\u00e1rio\u00a0Francelino Ribeiro\u00a0foi confirmado presidente para os pr\u00f3ximos tr\u00eas anos. Ele ter\u00e1 como vice o advogado Airton Sehn. A diretoria do [&hellip;]<\/p>\n","protected":false},"author":2,"featured_media":3242,"comment_status":"closed","ping_status":"closed","sticky":false,"template":"","format":"standard","meta":{"ngg_post_thumbnail":0,"footnotes":""},"categories":[6],"tags":[],"class_list":["post-3227","post","type-post","status-publish","format-standard","has-post-thumbnail","hentry","category-novidades"],"_links":{"self":[{"href":"https:\/\/assemit.com.br\/novo\/index.php?rest_route=\/wp\/v2\/posts\/3227","targetHints":{"allow":["GET"]}}],"collection":[{"href":"https:\/\/assemit.com.br\/novo\/index.php?rest_route=\/wp\/v2\/posts"}],"about":[{"href":"https:\/\/assemit.com.br\/novo\/index.php?rest_route=\/wp\/v2\/types\/post"}],"author":[{"embeddable":true,"href":"https:\/\/assemit.com.br\/novo\/index.php?rest_route=\/wp\/v2\/users\/2"}],"replies":[{"embeddable":true,"href":"https:\/\/assemit.com.br\/novo\/index.php?rest_route=%2Fwp%2Fv2%2Fcomments&post=3227"}],"version-history":[{"count":9,"href":"https:\/\/assemit.com.br\/novo\/index.php?rest_route=\/wp\/v2\/posts\/3227\/revisions"}],"predecessor-version":[{"id":3248,"href":"https:\/\/assemit.com.br\/novo\/index.php?rest_route=\/wp\/v2\/posts\/3227\/revisions\/3248"}],"wp:featuredmedia":[{"embeddable":true,"href":"https:\/\/assemit.com.br\/novo\/index.php?rest_route=\/wp\/v2\/media\/3242"}],"wp:attachment":[{"href":"https:\/\/assemit.com.br\/novo\/index.php?rest_route=%2Fwp%2Fv2%2Fmedia&parent=3227"}],"wp:term":[{"taxonomy":"category","embeddable":true,"href":"https:\/\/assemit.com.br\/novo\/index.php?rest_route=%2Fwp%2Fv2%2Fcategories&post=3227"},{"taxonomy":"post_tag","embeddable":true,"href":"https:\/\/assemit.com.br\/novo\/index.php?rest_route=%2Fwp%2Fv2%2Ftags&post=3227"}],"curies":[{"name":"wp","href":"https:\/\/api.w.org\/{rel}","templated":true}]}}