{"id":3573,"date":"2023-10-12T15:46:04","date_gmt":"2023-10-12T18:46:04","guid":{"rendered":"https:\/\/assemit.com.br\/novo\/?p=3573"},"modified":"2023-11-10T15:53:17","modified_gmt":"2023-11-10T18:53:17","slug":"assemit-no-desfile-da-oktoberfest","status":"publish","type":"post","link":"https:\/\/assemit.com.br\/novo\/?p=3573","title":{"rendered":"Assemit no Desfile da Oktoberfest"},"content":{"rendered":"\n<p>A Assemit participou nesta sexta-feira, 12, do desfile cultural da Oktoberfest na Rua do Com\u00e9rcio em Itapiranga. Empresas, diretoria e o N\u00facleo de Automec\u00e2nicas formaram pelot\u00e3o para representar a entidade <img loading=\"lazy\" decoding=\"async\" height=\"16\" width=\"16\" alt=\"&#x1f603;\" src=\"https:\/\/static.xx.fbcdn.net\/images\/emoji.php\/v9\/t51\/1\/16\/1f603.png\"> Agradecemos todos os envolvidos <img loading=\"lazy\" decoding=\"async\" height=\"16\" width=\"16\" alt=\"&#x1f37b;\" src=\"https:\/\/static.xx.fbcdn.net\/images\/emoji.php\/v9\/t96\/1\/16\/1f37b.png\"><\/p>\n\n\n\n<p>Fotos cr\u00e9ditos: @radioitapiranga @dianaisabel87<\/p>\n\n\n\n<figure class=\"wp-block-gallery has-nested-images columns-default is-cropped wp-block-gallery-1 is-layout-flex wp-block-gallery-is-layout-flex\">\n<figure class=\"wp-block-image size-large\"><a href=\"https:\/\/assemit.com.br\/novo\/wp-content\/uploads\/2023\/11\/391748839_811584307637171_7667582580609135947_n.jpg\"><img loading=\"lazy\" decoding=\"async\" width=\"716\" height=\"717\" data-id=\"3574\" src=\"https:\/\/assemit.com.br\/novo\/wp-content\/uploads\/2023\/11\/391748839_811584307637171_7667582580609135947_n.jpg\" alt=\"\" class=\"wp-image-3574\" srcset=\"https:\/\/assemit.com.br\/novo\/wp-content\/uploads\/2023\/11\/391748839_811584307637171_7667582580609135947_n.jpg 716w, https:\/\/assemit.com.br\/novo\/wp-content\/uploads\/2023\/11\/391748839_811584307637171_7667582580609135947_n-300x300.jpg 300w, https:\/\/assemit.com.br\/novo\/wp-content\/uploads\/2023\/11\/391748839_811584307637171_7667582580609135947_n-150x150.jpg 150w\" sizes=\"auto, (max-width: 716px) 100vw, 716px\" \/><\/a><\/figure>\n\n\n\n<figure class=\"wp-block-image size-large\"><a href=\"https:\/\/assemit.com.br\/novo\/wp-content\/uploads\/2023\/11\/391747400_811584274303841_7400068011607819833_n.jpg\"><img loading=\"lazy\" decoding=\"async\" width=\"706\" height=\"706\" data-id=\"3577\" src=\"https:\/\/assemit.com.br\/novo\/wp-content\/uploads\/2023\/11\/391747400_811584274303841_7400068011607819833_n.jpg\" alt=\"\" class=\"wp-image-3577\" srcset=\"https:\/\/assemit.com.br\/novo\/wp-content\/uploads\/2023\/11\/391747400_811584274303841_7400068011607819833_n.jpg 706w, https:\/\/assemit.com.br\/novo\/wp-content\/uploads\/2023\/11\/391747400_811584274303841_7400068011607819833_n-300x300.jpg 300w, https:\/\/assemit.com.br\/novo\/wp-content\/uploads\/2023\/11\/391747400_811584274303841_7400068011607819833_n-150x150.jpg 150w\" sizes=\"auto, (max-width: 706px) 100vw, 706px\" \/><\/a><\/figure>\n\n\n\n<figure class=\"wp-block-image size-large\"><a href=\"https:\/\/assemit.com.br\/novo\/wp-content\/uploads\/2023\/11\/391742401_811584240970511_5579917882696130302_n.jpg\"><img loading=\"lazy\" decoding=\"async\" width=\"785\" height=\"785\" data-id=\"3575\" src=\"https:\/\/assemit.com.br\/novo\/wp-content\/uploads\/2023\/11\/391742401_811584240970511_5579917882696130302_n.jpg\" alt=\"\" class=\"wp-image-3575\" srcset=\"https:\/\/assemit.com.br\/novo\/wp-content\/uploads\/2023\/11\/391742401_811584240970511_5579917882696130302_n.jpg 785w, https:\/\/assemit.com.br\/novo\/wp-content\/uploads\/2023\/11\/391742401_811584240970511_5579917882696130302_n-300x300.jpg 300w, https:\/\/assemit.com.br\/novo\/wp-content\/uploads\/2023\/11\/391742401_811584240970511_5579917882696130302_n-150x150.jpg 150w, https:\/\/assemit.com.br\/novo\/wp-content\/uploads\/2023\/11\/391742401_811584240970511_5579917882696130302_n-768x768.jpg 768w\" sizes=\"auto, (max-width: 785px) 100vw, 785px\" \/><\/a><\/figure>\n\n\n\n<figure class=\"wp-block-image size-large\"><a href=\"https:\/\/assemit.com.br\/novo\/wp-content\/uploads\/2023\/11\/387077388_811584194303849_2751586393300560765_n.jpg\"><img loading=\"lazy\" decoding=\"async\" width=\"784\" height=\"784\" data-id=\"3576\" src=\"https:\/\/assemit.com.br\/novo\/wp-content\/uploads\/2023\/11\/387077388_811584194303849_2751586393300560765_n.jpg\" alt=\"\" class=\"wp-image-3576\" srcset=\"https:\/\/assemit.com.br\/novo\/wp-content\/uploads\/2023\/11\/387077388_811584194303849_2751586393300560765_n.jpg 784w, https:\/\/assemit.com.br\/novo\/wp-content\/uploads\/2023\/11\/387077388_811584194303849_2751586393300560765_n-300x300.jpg 300w, https:\/\/assemit.com.br\/novo\/wp-content\/uploads\/2023\/11\/387077388_811584194303849_2751586393300560765_n-150x150.jpg 150w, https:\/\/assemit.com.br\/novo\/wp-content\/uploads\/2023\/11\/387077388_811584194303849_2751586393300560765_n-768x768.jpg 768w\" sizes=\"auto, (max-width: 784px) 100vw, 784px\" \/><\/a><\/figure>\n\n\n\n<figure class=\"wp-block-image size-large\"><a href=\"https:\/\/assemit.com.br\/novo\/wp-content\/uploads\/2023\/11\/391680569_811584157637186_7732271720377759789_n.jpg\"><img loading=\"lazy\" decoding=\"async\" width=\"778\" height=\"779\" data-id=\"3578\" src=\"https:\/\/assemit.com.br\/novo\/wp-content\/uploads\/2023\/11\/391680569_811584157637186_7732271720377759789_n.jpg\" alt=\"\" class=\"wp-image-3578\" srcset=\"https:\/\/assemit.com.br\/novo\/wp-content\/uploads\/2023\/11\/391680569_811584157637186_7732271720377759789_n.jpg 778w, https:\/\/assemit.com.br\/novo\/wp-content\/uploads\/2023\/11\/391680569_811584157637186_7732271720377759789_n-300x300.jpg 300w, https:\/\/assemit.com.br\/novo\/wp-content\/uploads\/2023\/11\/391680569_811584157637186_7732271720377759789_n-150x150.jpg 150w, https:\/\/assemit.com.br\/novo\/wp-content\/uploads\/2023\/11\/391680569_811584157637186_7732271720377759789_n-768x769.jpg 768w\" sizes=\"auto, (max-width: 778px) 100vw, 778px\" \/><\/a><\/figure>\n<\/figure>\n","protected":false},"excerpt":{"rendered":"<p>A Assemit participou nesta sexta-feira, 12, do desfile cultural da Oktoberfest na Rua do Com\u00e9rcio em Itapiranga. Empresas, diretoria e o N\u00facleo de Automec\u00e2nicas formaram pelot\u00e3o para representar a entidade Agradecemos todos os envolvidos Fotos cr\u00e9ditos: @radioitapiranga @dianaisabel87<\/p>\n","protected":false},"author":2,"featured_media":3580,"comment_status":"closed","ping_status":"closed","sticky":false,"template":"","format":"standard","meta":{"ngg_post_thumbnail":0,"footnotes":""},"categories":[6],"tags":[],"class_list":["post-3573","post","type-post","status-publish","format-standard","has-post-thumbnail","hentry","category-novidades"],"_links":{"self":[{"href":"https:\/\/assemit.com.br\/novo\/index.php?rest_route=\/wp\/v2\/posts\/3573","targetHints":{"allow":["GET"]}}],"collection":[{"href":"https:\/\/assemit.com.br\/novo\/index.php?rest_route=\/wp\/v2\/posts"}],"about":[{"href":"https:\/\/assemit.com.br\/novo\/index.php?rest_route=\/wp\/v2\/types\/post"}],"author":[{"embeddable":true,"href":"https:\/\/assemit.com.br\/novo\/index.php?rest_route=\/wp\/v2\/users\/2"}],"replies":[{"embeddable":true,"href":"https:\/\/assemit.com.br\/novo\/index.php?rest_route=%2Fwp%2Fv2%2Fcomments&post=3573"}],"version-history":[{"count":2,"href":"https:\/\/assemit.com.br\/novo\/index.php?rest_route=\/wp\/v2\/posts\/3573\/revisions"}],"predecessor-version":[{"id":3581,"href":"https:\/\/assemit.com.br\/novo\/index.php?rest_route=\/wp\/v2\/posts\/3573\/revisions\/3581"}],"wp:featuredmedia":[{"embeddable":true,"href":"https:\/\/assemit.com.br\/novo\/index.php?rest_route=\/wp\/v2\/media\/3580"}],"wp:attachment":[{"href":"https:\/\/assemit.com.br\/novo\/index.php?rest_route=%2Fwp%2Fv2%2Fmedia&parent=3573"}],"wp:term":[{"taxonomy":"category","embeddable":true,"href":"https:\/\/assemit.com.br\/novo\/index.php?rest_route=%2Fwp%2Fv2%2Fcategories&post=3573"},{"taxonomy":"post_tag","embeddable":true,"href":"https:\/\/assemit.com.br\/novo\/index.php?rest_route=%2Fwp%2Fv2%2Ftags&post=3573"}],"curies":[{"name":"wp","href":"https:\/\/api.w.org\/{rel}","templated":true}]}}