{"id":359,"date":"2009-01-25T21:04:41","date_gmt":"2009-01-25T21:04:41","guid":{"rendered":"http:\/\/novo2017.assemit.com.br\/?p=359"},"modified":"2009-01-25T21:04:41","modified_gmt":"2009-01-25T21:04:41","slug":"efrait","status":"publish","type":"post","link":"https:\/\/assemit.com.br\/novo\/?p=359","title":{"rendered":"Assemit intensifica trabalhos para 5\u00aa Efrait"},"content":{"rendered":"<h4>Vem a\u00ed! <\/h4>\n<p><a href=\"http:\/\/efrait.assemit.com.br\/\" target=\"_blank\"><\/p>\n<div style=\"text-align: center\"><img loading=\"lazy\" decoding=\"async\" class=\" size-full wp-image-350\" src=\"http:\/\/novo2017.assemit.com.br\/wp-content\/uploads\/2009\/01\/musicos1.jpg\" border=\"0\" width=\"600\" height=\"246\" srcset=\"https:\/\/assemit.com.br\/novo\/wp-content\/uploads\/2009\/01\/musicos1.jpg 600w, https:\/\/assemit.com.br\/novo\/wp-content\/uploads\/2009\/01\/musicos1-300x123.jpg 300w\" sizes=\"auto, (max-width: 600px) 100vw, 600px\" \/><\/div>\n<p><\/a><\/p>\n<p align=\"justify\"><font face=\"Arial\">A Associa\u00e7\u00e3o Empresarial (Assemit) trabalha em diversas frentes para organiza\u00e7\u00e3o da 5\u00aa Exposi\u00e7\u00e3o Feira Regional Agroindustrial e Comercial de Itapiranga que acontece nos dias 1, 2 e 3 de maio. Conforme o presidente da Comiss\u00e3o Central Organizadora, Afonso Niehues, a programa\u00e7\u00e3o j\u00e1 est\u00e1 toda definida e os estandes internos todos vendidos. \u201cRestam apenas alguns espa\u00e7os externos para fechar a comercializa\u00e7\u00e3o de estandes. A procura foi muito grande assim que foi definida a realiza\u00e7\u00e3o da Feira\u201d, salienta o presidente. <\/font><\/p>\n<p align=\"justify\"><font face=\"Arial\">A 5\u00aa edi\u00e7\u00e3o da Efrait dever\u00e1 reunir grande p\u00fablico de toda regi\u00e3o durante os tr\u00eas dias de Feira. Para a noite foram contratadas atra\u00e7\u00f5es nacionais, como Diego &#038; Gabriel para sexta-feira, revelados no programa Raul Gil; no s\u00e1bado, Tch\u00ea Garotos do Brasil; e domingo, o humorista Molita e em seguida o Ga\u00facho da Fronteira para encerrar a Efrait. A Orquestra Continental far\u00e1 a abertura e encerramento dos shows na sexta e no s\u00e1bado. <\/font><\/p>\n<p align=\"justify\"><font face=\"Arial\">Na programa\u00e7\u00e3o est\u00e1 definido a abertura dos pavilh\u00f5es para visita\u00e7\u00e3o a partir das 9 horas de sexta-feira, 1\u00ba de maio, com ingresso livre at\u00e9 as 14 horas. O fechamento para visita\u00e7\u00e3o ser\u00e1 \u00e0s 22 horas quando inicia a programa\u00e7\u00e3o musical com a Orquestra Continental no Pavilh\u00e3o C do Complexo Oktober. Os shows de sexta e s\u00e1bado est\u00e3o marcados para \u00e0s 23h30min, seguidos de bail\u00e3o com a Orquestra Continental. As apresenta\u00e7\u00f5es acontecem no palco fixo do Pavilh\u00e3o B. <\/font><\/p>\n<p align=\"justify\"><font face=\"Arial\">O presidente informa que a Assemit est\u00e1 firmando parcerias para a realiza\u00e7\u00e3o da Feira, destacando os acordos j\u00e1 feitos com o munic\u00edpio de Itapiranga e com o Governo do Estado atrav\u00e9s da Secretaria de Desenvolvimento Regional.<\/font><\/p>\n<p> <!--more--> <\/p>\n<p><img loading=\"lazy\" decoding=\"async\" class=\" size-full wp-image-351\" src=\"http:\/\/novo2017.assemit.com.br\/wp-content\/uploads\/2009\/01\/efraitcartazfinal.jpg\" border=\"0\" alt=\"Cartaz da Efrait\" title=\"Cartaz da Efrait\" width=\"600\" height=\"844\" srcset=\"https:\/\/assemit.com.br\/novo\/wp-content\/uploads\/2009\/01\/efraitcartazfinal.jpg 600w, https:\/\/assemit.com.br\/novo\/wp-content\/uploads\/2009\/01\/efraitcartazfinal-213x300.jpg 213w\" sizes=\"auto, (max-width: 600px) 100vw, 600px\" \/>\u00a0<\/p>\n<p>Veja imagens da 4\u00aa Feira realizada em abril de 2007\u00a0\u00a0<\/p>\n<p><img loading=\"lazy\" decoding=\"async\" class=\" size-full wp-image-352\" src=\"http:\/\/novo2017.assemit.com.br\/wp-content\/uploads\/2009\/01\/EFRAIT.jpg\" border=\"0\" width=\"480\" height=\"293\" srcset=\"https:\/\/assemit.com.br\/novo\/wp-content\/uploads\/2009\/01\/EFRAIT.jpg 480w, https:\/\/assemit.com.br\/novo\/wp-content\/uploads\/2009\/01\/EFRAIT-300x183.jpg 300w\" sizes=\"auto, (max-width: 480px) 100vw, 480px\" \/><\/p>\n<h4><img loading=\"lazy\" decoding=\"async\" class=\" size-full wp-image-353\" src=\"http:\/\/novo2017.assemit.com.br\/wp-content\/uploads\/2009\/01\/635.JPG\" border=\"0\" width=\"510\" height=\"359\" srcset=\"https:\/\/assemit.com.br\/novo\/wp-content\/uploads\/2009\/01\/635.JPG 510w, https:\/\/assemit.com.br\/novo\/wp-content\/uploads\/2009\/01\/635-300x211.jpg 300w\" sizes=\"auto, (max-width: 510px) 100vw, 510px\" \/><\/h4>\n<h4><img loading=\"lazy\" decoding=\"async\" class=\" size-full wp-image-354\" src=\"http:\/\/novo2017.assemit.com.br\/wp-content\/uploads\/2009\/01\/21-04-2007.JPG\" border=\"0\" width=\"461\" height=\"346\" srcset=\"https:\/\/assemit.com.br\/novo\/wp-content\/uploads\/2009\/01\/21-04-2007.JPG 461w, https:\/\/assemit.com.br\/novo\/wp-content\/uploads\/2009\/01\/21-04-2007-300x225.jpg 300w\" sizes=\"auto, (max-width: 461px) 100vw, 461px\" \/><\/h4>\n<h4><img loading=\"lazy\" decoding=\"async\" class=\" size-full wp-image-355\" src=\"http:\/\/novo2017.assemit.com.br\/wp-content\/uploads\/2009\/01\/21-04-2007%20033.jpg\" border=\"0\" width=\"0\" height=\"0\" \/><\/h4>\n<p><img loading=\"lazy\" decoding=\"async\" class=\"caption size-full wp-image-356\" src=\"http:\/\/novo2017.assemit.com.br\/wp-content\/uploads\/2009\/01\/Efrait%20e%20Reuniao%20031.jpg\" border=\"0\" width=\"0\" height=\"0\" \/><\/p>\n<p><img loading=\"lazy\" decoding=\"async\" class=\" size-full wp-image-357\" src=\"http:\/\/novo2017.assemit.com.br\/wp-content\/uploads\/2009\/01\/DSCF7263.jpg\" border=\"0\" width=\"480\" height=\"360\" srcset=\"https:\/\/assemit.com.br\/novo\/wp-content\/uploads\/2009\/01\/DSCF7263.jpg 480w, https:\/\/assemit.com.br\/novo\/wp-content\/uploads\/2009\/01\/DSCF7263-300x225.jpg 300w\" sizes=\"auto, (max-width: 480px) 100vw, 480px\" \/><\/p>\n<p><img loading=\"lazy\" decoding=\"async\" class=\" size-full wp-image-358\" src=\"http:\/\/novo2017.assemit.com.br\/wp-content\/uploads\/2009\/01\/DSCF7266.jpg\" border=\"0\" width=\"480\" height=\"360\" srcset=\"https:\/\/assemit.com.br\/novo\/wp-content\/uploads\/2009\/01\/DSCF7266.jpg 480w, https:\/\/assemit.com.br\/novo\/wp-content\/uploads\/2009\/01\/DSCF7266-300x225.jpg 300w\" sizes=\"auto, (max-width: 480px) 100vw, 480px\" \/><\/p>\n<p>&nbsp;<\/p>\n","protected":false},"excerpt":{"rendered":"<p>Vem a\u00ed! A Associa\u00e7\u00e3o Empresarial (Assemit) trabalha em diversas frentes para organiza\u00e7\u00e3o da 5\u00aa Exposi\u00e7\u00e3o Feira Regional Agroindustrial e Comercial de Itapiranga que acontece nos dias 1, 2 e 3 de maio. Conforme o presidente da Comiss\u00e3o Central Organizadora, Afonso [&hellip;]<\/p>\n","protected":false},"author":1,"featured_media":350,"comment_status":"open","ping_status":"open","sticky":false,"template":"","format":"standard","meta":{"ngg_post_thumbnail":0,"footnotes":""},"categories":[6],"tags":[],"class_list":["post-359","post","type-post","status-publish","format-standard","has-post-thumbnail","hentry","category-novidades"],"_links":{"self":[{"href":"https:\/\/assemit.com.br\/novo\/index.php?rest_route=\/wp\/v2\/posts\/359","targetHints":{"allow":["GET"]}}],"collection":[{"href":"https:\/\/assemit.com.br\/novo\/index.php?rest_route=\/wp\/v2\/posts"}],"about":[{"href":"https:\/\/assemit.com.br\/novo\/index.php?rest_route=\/wp\/v2\/types\/post"}],"author":[{"embeddable":true,"href":"https:\/\/assemit.com.br\/novo\/index.php?rest_route=\/wp\/v2\/users\/1"}],"replies":[{"embeddable":true,"href":"https:\/\/assemit.com.br\/novo\/index.php?rest_route=%2Fwp%2Fv2%2Fcomments&post=359"}],"version-history":[{"count":0,"href":"https:\/\/assemit.com.br\/novo\/index.php?rest_route=\/wp\/v2\/posts\/359\/revisions"}],"wp:featuredmedia":[{"embeddable":true,"href":"https:\/\/assemit.com.br\/novo\/index.php?rest_route=\/wp\/v2\/media\/350"}],"wp:attachment":[{"href":"https:\/\/assemit.com.br\/novo\/index.php?rest_route=%2Fwp%2Fv2%2Fmedia&parent=359"}],"wp:term":[{"taxonomy":"category","embeddable":true,"href":"https:\/\/assemit.com.br\/novo\/index.php?rest_route=%2Fwp%2Fv2%2Fcategories&post=359"},{"taxonomy":"post_tag","embeddable":true,"href":"https:\/\/assemit.com.br\/novo\/index.php?rest_route=%2Fwp%2Fv2%2Ftags&post=359"}],"curies":[{"name":"wp","href":"https:\/\/api.w.org\/{rel}","templated":true}]}}