{"id":3592,"date":"2023-11-09T15:58:38","date_gmt":"2023-11-09T18:58:38","guid":{"rendered":"https:\/\/assemit.com.br\/novo\/?p=3592"},"modified":"2023-11-10T15:59:32","modified_gmt":"2023-11-10T18:59:32","slug":"formatura-do-projeto-geracao-empreendedora","status":"publish","type":"post","link":"https:\/\/assemit.com.br\/novo\/?p=3592","title":{"rendered":"Formatura do Projeto Gera\u00e7\u00e3o Empreendedora"},"content":{"rendered":"\n<p>Aconteceu nesta quarta-feira, 8, a formatura do Projeto Gera\u00e7\u00e3o Empreendedora desenvolvido pela @facisc em parceria com a Assemit, N\u00facleo da Mulher Empres\u00e1ria e do Jovem Empreendedor <img loading=\"lazy\" decoding=\"async\" height=\"16\" width=\"16\" alt=\"&#x1f447;\" src=\"https:\/\/static.xx.fbcdn.net\/images\/emoji.php\/v9\/t4f\/1\/16\/1f447.png\"><\/p>\n\n\n\n<p>Ele foi desenvolvido com 26 alunos do segundo ano do @eebsaovicente e teve como objetivo despertar o esp\u00edrito empreendedor nesta nova gera\u00e7\u00e3o <img loading=\"lazy\" decoding=\"async\" height=\"16\" width=\"16\" alt=\"&#x1f603;\" src=\"https:\/\/static.xx.fbcdn.net\/images\/emoji.php\/v9\/t51\/1\/16\/1f603.png\"><\/p>\n\n\n\n<p>Nossa gratid\u00e3o a Alice e Carlise que ministraram as aulas, aos volunt\u00e1rios, empres\u00e1rios locais e a todos que de alguma forma estiveram envolvidos nesse projeto <img loading=\"lazy\" decoding=\"async\" height=\"16\" width=\"16\" alt=\"&#x1f4da;\" src=\"https:\/\/static.xx.fbcdn.net\/images\/emoji.php\/v9\/t49\/1\/16\/1f4da.png\"><\/p>\n","protected":false},"excerpt":{"rendered":"<p>Aconteceu nesta quarta-feira, 8, a formatura do Projeto Gera\u00e7\u00e3o Empreendedora desenvolvido pela @facisc em parceria com a Assemit, N\u00facleo da Mulher Empres\u00e1ria e do Jovem Empreendedor Ele foi desenvolvido com 26 alunos do segundo ano do @eebsaovicente e teve como [&hellip;]<\/p>\n","protected":false},"author":6,"featured_media":3593,"comment_status":"closed","ping_status":"closed","sticky":false,"template":"","format":"standard","meta":{"ngg_post_thumbnail":0,"footnotes":""},"categories":[6],"tags":[],"class_list":["post-3592","post","type-post","status-publish","format-standard","has-post-thumbnail","hentry","category-novidades"],"_links":{"self":[{"href":"https:\/\/assemit.com.br\/novo\/index.php?rest_route=\/wp\/v2\/posts\/3592","targetHints":{"allow":["GET"]}}],"collection":[{"href":"https:\/\/assemit.com.br\/novo\/index.php?rest_route=\/wp\/v2\/posts"}],"about":[{"href":"https:\/\/assemit.com.br\/novo\/index.php?rest_route=\/wp\/v2\/types\/post"}],"author":[{"embeddable":true,"href":"https:\/\/assemit.com.br\/novo\/index.php?rest_route=\/wp\/v2\/users\/6"}],"replies":[{"embeddable":true,"href":"https:\/\/assemit.com.br\/novo\/index.php?rest_route=%2Fwp%2Fv2%2Fcomments&post=3592"}],"version-history":[{"count":1,"href":"https:\/\/assemit.com.br\/novo\/index.php?rest_route=\/wp\/v2\/posts\/3592\/revisions"}],"predecessor-version":[{"id":3594,"href":"https:\/\/assemit.com.br\/novo\/index.php?rest_route=\/wp\/v2\/posts\/3592\/revisions\/3594"}],"wp:featuredmedia":[{"embeddable":true,"href":"https:\/\/assemit.com.br\/novo\/index.php?rest_route=\/wp\/v2\/media\/3593"}],"wp:attachment":[{"href":"https:\/\/assemit.com.br\/novo\/index.php?rest_route=%2Fwp%2Fv2%2Fmedia&parent=3592"}],"wp:term":[{"taxonomy":"category","embeddable":true,"href":"https:\/\/assemit.com.br\/novo\/index.php?rest_route=%2Fwp%2Fv2%2Fcategories&post=3592"},{"taxonomy":"post_tag","embeddable":true,"href":"https:\/\/assemit.com.br\/novo\/index.php?rest_route=%2Fwp%2Fv2%2Ftags&post=3592"}],"curies":[{"name":"wp","href":"https:\/\/api.w.org\/{rel}","templated":true}]}}