{"id":363,"date":"2009-01-25T03:00:00","date_gmt":"2009-01-25T03:00:00","guid":{"rendered":"http:\/\/novo2017.assemit.com.br\/?p=363"},"modified":"2009-01-25T03:00:00","modified_gmt":"2009-01-25T03:00:00","slug":"assemit","status":"publish","type":"post","link":"https:\/\/assemit.com.br\/novo\/?p=363","title":{"rendered":"Bem-vindo a Assemit"},"content":{"rendered":"<div style=\"text-align: center\"><strong><img loading=\"lazy\" decoding=\"async\" class=\" size-full wp-image-362\" src=\"http:\/\/novo2017.assemit.com.br\/wp-content\/uploads\/2009\/01\/assemit_banner.jpg\" border=\"0\" width=\"650\" height=\"975\" srcset=\"https:\/\/assemit.com.br\/novo\/wp-content\/uploads\/2009\/01\/assemit_banner.jpg 650w, https:\/\/assemit.com.br\/novo\/wp-content\/uploads\/2009\/01\/assemit_banner-200x300.jpg 200w, https:\/\/assemit.com.br\/novo\/wp-content\/uploads\/2009\/01\/assemit_banner-619x929.jpg 619w\" sizes=\"auto, (max-width: 650px) 100vw, 650px\" \/><\/strong><\/div>\n<div style=\"text-align: left\"><strong>Como tudo come\u00e7ou?<\/strong><\/div>\n<div style=\"text-align: left\">FUNDA\u00c7\u00c3O DA CDL<br \/>CDL \u2013 fundada em 18 de novembro de 1977;<br \/>PRIMEIRO PRESIDENTE \u2013 F\u00e9lix Jos\u00e9 Sausen;<br \/>16 presidentes;<br \/>Filiada a FCDL \u2013 Federa\u00e7\u00e3o dos Dirigentes Lojistas.<\/div>\n<div style=\"text-align: left\"><strong>Funda\u00e7\u00e3o ACIT<br \/><\/strong>\u2022 Fundada em 8 de mar\u00e7o de 1993<br \/>\u2022 PRIMEIRO PRESIDENTE \u2013 Helmuth Royer;<br \/>\u2022 05 Presidentes;<br \/>\u2022 Filiada a FACISC \u2013 Federa\u00e7\u00e3o das Associa\u00e7\u00f5es Empresariais de Santa Catarina. <\/div>\n<div style=\"text-align: left\"><strong>UNI\u00c3O DAS DUAS ENTIDADES &#8211; FUNDA\u00c7\u00c3O DA ASSEMIT<\/strong><br \/>Unifica\u00e7\u00e3o em 18 de julho de 2002;<br \/>PRIMEIRA PRESIDENTE \u2013 Celina Melchiors;<br \/>02 presidentes;<br \/>Filiada a FACISC.<br \/>Publicamos um Livro<br \/>HIST\u00d3RICO EMPRESARIAL DE ITAPIRANGA 1977 A 2005<br \/>GALERIA DOS EX-PRESIDENTES<\/div>\n<div style=\"text-align: left\"><strong>Porque da uni\u00e3o?<br \/><\/strong>Diminui\u00e7\u00e3o de mensalidades;<br \/>Cria\u00e7\u00e3o de uma s\u00f3 entidade com maior representatividade;<br \/>Aumento do quadro social;<br \/>Uma entidade que privilegiasse todas as empresas do munic\u00edpio, comerciais, industriais, presta\u00e7\u00e3o de servi\u00e7os,agroind\u00fastrias e profissionais liberais.<\/div>\n<div style=\"text-align: left\"><strong>Solu\u00e7\u00f5es Empresariais<\/strong> <br \/>\u2022 SPC \u2013 Servi\u00e7o de Prote\u00e7\u00e3o ao Cr\u00e9dito;<br \/>\u2022 Sistema de Informa\u00e7\u00e3o SERASA;<br \/>\u2022 PARCERIA COM CIEE;<br \/>\u2022 CONV\u00caNIOS \u2013 UNIMED, FARM\u00c1CIAS, DENTISTAS; <br \/>\u2022 PARCERIA COM VITAL ASSESSORIA EM GEST\u00c3O DE PESSOAS;<br \/>\u2022 Cursos, Palestras e Semin\u00e1rios;<br \/>\u2022 CONSULTORIAS (SEBRAE E PREFEITURA);<br \/>\u2022 PPRA \u2013 Programa de Preven\u00e7\u00e3o de Riscos Ambientais, elaborado por Anderson Marasca e Jose Paulo Skovronski (Zeca);<br \/>\u2022 SHOW DE PR\u00caMIOS E RASPADINHAS;<br \/>\u2022 SERVI\u00c7O DE APOIO ADMINISTRATIVOS AOS ASSOCIADOS;<br \/>\u2022 CERTIFICADO DE ORIGEM;<br \/>\u2022 PARTICIPA\u00c7\u00c3O NO N\u00daCLEO DE ESTUDOS ESTRAT\u00c9GICOS;<br \/>\u2022 MISS\u00d5ES EMPRESARIAIS;<br \/>\u2022 Sala de Reuni\u00f5es;<br \/>\u2022 Produtos SEBRAE;<br \/>\u2022 Semana \u201cItapiranga \u00e9 Natal\u201d em parceria com entidades locais:<br \/>\u2022 Empres\u00e1rio Destaque e Baile do Comerci\u00e1rio;<br \/>\u2022 Domingo de Integra\u00e7\u00e3o;<br \/>\u2022 Assembl\u00e9ias Mensais;<br \/>\u2022 Reuni\u00f5es de Diretoria Mensais;<br \/>\u2022 Reuni\u00f5es das ACIs de Itapiranga, S\u00e3o Jo\u00e3o do Oeste, Tun\u00e1polis, Ipor\u00e3 do Oeste, Mondai e Descanso;<br \/>\u2022 Realiza\u00e7\u00e3o da EFRAIT;<br \/>\u2022 Passeios com o Trenzinho do Papai Noel;<br \/>\u2022 Acordo com Sindicom\u00e9rcio de Hor\u00e1rio Especial para o final do ano; <br \/>\u2022 Participa\u00e7\u00e3o em desfiles da Oktober;<br \/>\u2022 Entrega de reivindica\u00e7\u00f5es coletivas;<br \/>\u2022 Participa\u00e7\u00e3o na Feria do Empreender;<br \/>\u2022 Participa\u00e7\u00e3o no Congresso Empresarial da FACISC;<br \/>\u2022 PARCERIA COM SICOOB CREDITAPIRANGA NO PROJETO \u201cSACOLAS VAI E VOLTA\u201d<br \/>\u2022 Assessoria Jur\u00eddica;<br \/>\u2022 Projeto EMPREENDER;<br \/>\u2022 Caf\u00e9s com Empres\u00e1rios associados e entidades locais;<br \/>\u2022 Informativos Bimestrais;<\/div>\n<p>\u00a0<\/p>\n<p>\u00a0<\/p>\n","protected":false},"excerpt":{"rendered":"<p>Como tudo come\u00e7ou? FUNDA\u00c7\u00c3O DA CDLCDL \u2013 fundada em 18 de novembro de 1977;PRIMEIRO PRESIDENTE \u2013 F\u00e9lix Jos\u00e9 Sausen;16 presidentes;Filiada a FCDL \u2013 Federa\u00e7\u00e3o dos Dirigentes Lojistas. Funda\u00e7\u00e3o ACIT\u2022 Fundada em 8 de mar\u00e7o de 1993\u2022 PRIMEIRO PRESIDENTE \u2013 Helmuth [&hellip;]<\/p>\n","protected":false},"author":1,"featured_media":362,"comment_status":"open","ping_status":"open","sticky":false,"template":"","format":"standard","meta":{"ngg_post_thumbnail":0,"footnotes":""},"categories":[6],"tags":[],"class_list":["post-363","post","type-post","status-publish","format-standard","has-post-thumbnail","hentry","category-novidades"],"_links":{"self":[{"href":"https:\/\/assemit.com.br\/novo\/index.php?rest_route=\/wp\/v2\/posts\/363","targetHints":{"allow":["GET"]}}],"collection":[{"href":"https:\/\/assemit.com.br\/novo\/index.php?rest_route=\/wp\/v2\/posts"}],"about":[{"href":"https:\/\/assemit.com.br\/novo\/index.php?rest_route=\/wp\/v2\/types\/post"}],"author":[{"embeddable":true,"href":"https:\/\/assemit.com.br\/novo\/index.php?rest_route=\/wp\/v2\/users\/1"}],"replies":[{"embeddable":true,"href":"https:\/\/assemit.com.br\/novo\/index.php?rest_route=%2Fwp%2Fv2%2Fcomments&post=363"}],"version-history":[{"count":0,"href":"https:\/\/assemit.com.br\/novo\/index.php?rest_route=\/wp\/v2\/posts\/363\/revisions"}],"wp:featuredmedia":[{"embeddable":true,"href":"https:\/\/assemit.com.br\/novo\/index.php?rest_route=\/wp\/v2\/media\/362"}],"wp:attachment":[{"href":"https:\/\/assemit.com.br\/novo\/index.php?rest_route=%2Fwp%2Fv2%2Fmedia&parent=363"}],"wp:term":[{"taxonomy":"category","embeddable":true,"href":"https:\/\/assemit.com.br\/novo\/index.php?rest_route=%2Fwp%2Fv2%2Fcategories&post=363"},{"taxonomy":"post_tag","embeddable":true,"href":"https:\/\/assemit.com.br\/novo\/index.php?rest_route=%2Fwp%2Fv2%2Ftags&post=363"}],"curies":[{"name":"wp","href":"https:\/\/api.w.org\/{rel}","templated":true}]}}