{"id":3649,"date":"2023-11-18T09:59:00","date_gmt":"2023-11-18T12:59:00","guid":{"rendered":"https:\/\/assemit.com.br\/novo\/?p=3649"},"modified":"2023-12-07T10:07:38","modified_gmt":"2023-12-07T13:07:38","slug":"eleita-nova-coordenacao-do-nucleo-da-mulher-empresaria","status":"publish","type":"post","link":"https:\/\/assemit.com.br\/novo\/?p=3649","title":{"rendered":"Eleita nova coordena\u00e7\u00e3o do N\u00facleo da Mulher Empres\u00e1ria"},"content":{"rendered":"\n<p>No \u00faltimo dia 15 aconteceu a reuni\u00e3o de planejamento e elei\u00e7\u00e3o do n\u00facleo empresarial da Assemit. As eleitas assumem por dois anos a partir de 2024. A nova coordena\u00e7\u00e3o ficou definida assim <img loading=\"lazy\" decoding=\"async\" height=\"16\" width=\"16\" src=\"https:\/\/static.xx.fbcdn.net\/images\/emoji.php\/v9\/t4f\/1\/16\/1f447.png\" alt=\"&#x1f447;\"><\/p>\n\n\n\n<p>Coordenadora: <a href=\"https:\/\/www.instagram.com\/_u\/mariane_ritter_grutzmann?fbclid=IwAR07bgMGZUICJA_HlKbveYiY-VnyFR91J3wjHizh0KYanzNgLexLzSk_bxY\" rel=\"noreferrer noopener\" target=\"_blank\">@mariane_ritter_grutzmann<\/a><\/p>\n\n\n\n<p>Vice: <a href=\"https:\/\/www.instagram.com\/_u\/cleusaguareschi?fbclid=IwAR0sTdjnop3F3SUgMbzeiJo_QabbM3qzPwrRIP9yOtDyWSpKGCpAe0bCrGw\" rel=\"noreferrer noopener\" target=\"_blank\">@cleusaguareschi<\/a><\/p>\n\n\n\n<p>Tesoureira: <a href=\"https:\/\/l.facebook.com\/l.php?u=https%3A%2F%2Fwww.instagram.com%2F_u%2Fsaletemariaorth%3Ffbclid%3DIwAR3A7RDG-NEoY0GvTUQCspGAgh4W1u1sh9D5yWX8dH_PBTF7MCrHQkEDS0w&amp;h=AT1df7kmzYPpqP9xerDg21sVqvf-BPz6O1Jk981rGgL67VwKfL9Vj1_Co8zy2vX27Vwd67DwtOaAx61Nncybwbkt1v2ghOL7LhGqlK0qEY6Az-l6toHy8ZoJWP2dGCgCS5Wd&amp;__tn__=-UK-y-R&amp;c[0]=AT1wc8ZH5HyOtp7Aoi3Dy_rJFtUlK4wxme7K4O6ewWRuBIT3Mc4gEoEM4X3XRHGGwEX4pFWThWRrryBELe6_peQ0N5OLLfZeeuaa8AVVsll2RkJ4qZ4DPXAmamzUjUckk62UYIGvPcI9PDwS0Yx0MalmHYxo0UDTAsC78yLmWJk1BLMxFDe61PMWAla5Yn08r_0zKfziNIORL1XfFrSA8CD3wZJVxOzHTFl_\" rel=\"noreferrer noopener\" target=\"_blank\">@saletemariaorth<\/a><\/p>\n\n\n\n<p>Secret\u00e1ria: <a href=\"https:\/\/www.instagram.com\/_u\/criswerlangmarangoni?fbclid=IwAR2W9q79VCIyEaKcgfTHsyRsYub7V2C45SgF4Tk1lZfsrrHwAhEKuOyxQc4\" rel=\"noreferrer noopener\" target=\"_blank\">@criswerlangmarangoni<\/a><\/p>\n\n\n\n<p>Parab\u00e9ns meninas e uma \u00f3tima gest\u00e3o<\/p>\n","protected":false},"excerpt":{"rendered":"<p>No \u00faltimo dia 15 aconteceu a reuni\u00e3o de planejamento e elei\u00e7\u00e3o do n\u00facleo empresarial da Assemit. As eleitas assumem por dois anos a partir de 2024. A nova coordena\u00e7\u00e3o ficou definida assim Coordenadora: @mariane_ritter_grutzmann Vice: @cleusaguareschi Tesoureira: @saletemariaorth Secret\u00e1ria: @criswerlangmarangoni [&hellip;]<\/p>\n","protected":false},"author":6,"featured_media":3650,"comment_status":"closed","ping_status":"closed","sticky":false,"template":"","format":"standard","meta":{"ngg_post_thumbnail":0,"footnotes":""},"categories":[6],"tags":[],"class_list":["post-3649","post","type-post","status-publish","format-standard","has-post-thumbnail","hentry","category-novidades"],"_links":{"self":[{"href":"https:\/\/assemit.com.br\/novo\/index.php?rest_route=\/wp\/v2\/posts\/3649","targetHints":{"allow":["GET"]}}],"collection":[{"href":"https:\/\/assemit.com.br\/novo\/index.php?rest_route=\/wp\/v2\/posts"}],"about":[{"href":"https:\/\/assemit.com.br\/novo\/index.php?rest_route=\/wp\/v2\/types\/post"}],"author":[{"embeddable":true,"href":"https:\/\/assemit.com.br\/novo\/index.php?rest_route=\/wp\/v2\/users\/6"}],"replies":[{"embeddable":true,"href":"https:\/\/assemit.com.br\/novo\/index.php?rest_route=%2Fwp%2Fv2%2Fcomments&post=3649"}],"version-history":[{"count":1,"href":"https:\/\/assemit.com.br\/novo\/index.php?rest_route=\/wp\/v2\/posts\/3649\/revisions"}],"predecessor-version":[{"id":3651,"href":"https:\/\/assemit.com.br\/novo\/index.php?rest_route=\/wp\/v2\/posts\/3649\/revisions\/3651"}],"wp:featuredmedia":[{"embeddable":true,"href":"https:\/\/assemit.com.br\/novo\/index.php?rest_route=\/wp\/v2\/media\/3650"}],"wp:attachment":[{"href":"https:\/\/assemit.com.br\/novo\/index.php?rest_route=%2Fwp%2Fv2%2Fmedia&parent=3649"}],"wp:term":[{"taxonomy":"category","embeddable":true,"href":"https:\/\/assemit.com.br\/novo\/index.php?rest_route=%2Fwp%2Fv2%2Fcategories&post=3649"},{"taxonomy":"post_tag","embeddable":true,"href":"https:\/\/assemit.com.br\/novo\/index.php?rest_route=%2Fwp%2Fv2%2Ftags&post=3649"}],"curies":[{"name":"wp","href":"https:\/\/api.w.org\/{rel}","templated":true}]}}