{"id":365,"date":"2016-06-29T14:22:53","date_gmt":"2016-06-29T14:22:53","guid":{"rendered":"http:\/\/novo2017.assemit.com.br\/?p=365"},"modified":"2016-06-29T14:22:53","modified_gmt":"2016-06-29T14:22:53","slug":"nucleo-da-mulher-empresaria-sedia-assembleia-do-ceme","status":"publish","type":"post","link":"https:\/\/assemit.com.br\/novo\/?p=365","title":{"rendered":"N\u00facleo da Mulher Empres\u00e1ria sedia assembleia do CEME"},"content":{"rendered":"<p><span style=\"color: #1d2129; font-family: helvetica, arial, sans-serif; font-size: 14px; line-height: 19.32px;\"><img loading=\"lazy\" decoding=\"async\" class=\" size-full wp-image-364\" src=\"http:\/\/novo2017.assemit.com.br\/wp-content\/uploads\/2016\/06\/13.jpg\" alt=\"\" width=\"700\" height=\"475\" srcset=\"https:\/\/assemit.com.br\/novo\/wp-content\/uploads\/2016\/06\/13.jpg 960w, https:\/\/assemit.com.br\/novo\/wp-content\/uploads\/2016\/06\/13-300x203.jpg 300w, https:\/\/assemit.com.br\/novo\/wp-content\/uploads\/2016\/06\/13-768x521.jpg 768w, https:\/\/assemit.com.br\/novo\/wp-content\/uploads\/2016\/06\/13-619x420.jpg 619w\" sizes=\"auto, (max-width: 700px) 100vw, 700px\" \/>Nesta ter\u00e7a-feira (28\/06), o N\u00facleo da Mulher Empres\u00e1ria, sediou na cidade de Itapiranga, AGO do CEME \u2013 Conselho Estadual da Mulher Empres\u00e1ria de Santa Catarina. Estiveram participando mais de 70 empres\u00e1rias da regi\u00e3o, vindas das cidades de Itapiranga, Ipor\u00e3 do Oeste, Monda\u00ed, Maravilha, Cunha Por\u00e3, S\u00e3o Louren\u00e7o do Oeste, Palmitos e S\u00e3o Miguel do Oeste. <\/span><\/p>\n<p><span style=\"color: #1d2129; font-family: helvetica, arial, sans-serif; font-size: 14px; line-height: 19.32px;\">O evento iniciou na parte da manh\u00e3, com Momento CEME, Apresenta\u00e7\u00e3o dos N\u00facleos presentes, Case de Sucesso com a Empres\u00e1ria Clara<\/span><span class=\"text_exposed_show\" style=\"display: inline; font-family: helvetica, arial, sans-serif; color: #1d2129; font-size: 14px; line-height: 19.32px;\">\u00a0Griebeler, S\u00f3cia Propriet\u00e1ria da Loja Harmonia Cal\u00e7ados e Confec\u00e7\u00f5es de Itapiranga. Palestra \u201cSER EMPREENDEDORA\u201d com Elaine Rambo, Mestre em Educa\u00e7\u00e3o.<\/span><\/p>\n<p><span class=\"text_exposed_show\" style=\"display: inline; font-family: helvetica, arial, sans-serif; color: #1d2129; font-size: 14px; line-height: 19.32px;\">Na parte da tarde, as empres\u00e1rias foram dirigidas at\u00e9 a comunidade de Linha Presidente Becker, onde foram muito bem recepcionadas pelo Coral S\u00e3o Bonif\u00e1cio. Na oportunidade, Paula Prost, primeira Rainha da Oktoberfest do Brasil, apresentou um breve hist\u00f3rico da festa. <\/span><\/p>\n<p><span class=\"text_exposed_show\" style=\"display: inline; font-family: helvetica, arial, sans-serif; color: #1d2129; font-size: 14px; line-height: 19.32px;\">Wolfgang Lengert, conhecido como Homem do Tempo, esteve presente, apresentando os registros de comportamento do clima na regi\u00e3o de Itapiranga, que registra h\u00e1 mais de 80 anos. Ao findar do dia, as empres\u00e1rias tiveram a oportunidade de desfrutar um delicioso caf\u00e9 alem\u00e3o, e ouvir m\u00fasicas cantadas pelo coral S\u00e3o Bonif\u00e1cio.<\/span><\/p>\n","protected":false},"excerpt":{"rendered":"<p>Nesta ter\u00e7a-feira (28\/06), o N\u00facleo da Mulher Empres\u00e1ria, sediou na cidade de Itapiranga, AGO do CEME \u2013 Conselho Estadual da Mulher Empres\u00e1ria de Santa Catarina. Estiveram participando mais de 70 empres\u00e1rias da regi\u00e3o, vindas das cidades de Itapiranga, Ipor\u00e3 do [&hellip;]<\/p>\n","protected":false},"author":1,"featured_media":364,"comment_status":"open","ping_status":"open","sticky":false,"template":"","format":"standard","meta":{"ngg_post_thumbnail":0,"footnotes":""},"categories":[6],"tags":[],"class_list":["post-365","post","type-post","status-publish","format-standard","has-post-thumbnail","hentry","category-novidades"],"_links":{"self":[{"href":"https:\/\/assemit.com.br\/novo\/index.php?rest_route=\/wp\/v2\/posts\/365","targetHints":{"allow":["GET"]}}],"collection":[{"href":"https:\/\/assemit.com.br\/novo\/index.php?rest_route=\/wp\/v2\/posts"}],"about":[{"href":"https:\/\/assemit.com.br\/novo\/index.php?rest_route=\/wp\/v2\/types\/post"}],"author":[{"embeddable":true,"href":"https:\/\/assemit.com.br\/novo\/index.php?rest_route=\/wp\/v2\/users\/1"}],"replies":[{"embeddable":true,"href":"https:\/\/assemit.com.br\/novo\/index.php?rest_route=%2Fwp%2Fv2%2Fcomments&post=365"}],"version-history":[{"count":0,"href":"https:\/\/assemit.com.br\/novo\/index.php?rest_route=\/wp\/v2\/posts\/365\/revisions"}],"wp:featuredmedia":[{"embeddable":true,"href":"https:\/\/assemit.com.br\/novo\/index.php?rest_route=\/wp\/v2\/media\/364"}],"wp:attachment":[{"href":"https:\/\/assemit.com.br\/novo\/index.php?rest_route=%2Fwp%2Fv2%2Fmedia&parent=365"}],"wp:term":[{"taxonomy":"category","embeddable":true,"href":"https:\/\/assemit.com.br\/novo\/index.php?rest_route=%2Fwp%2Fv2%2Fcategories&post=365"},{"taxonomy":"post_tag","embeddable":true,"href":"https:\/\/assemit.com.br\/novo\/index.php?rest_route=%2Fwp%2Fv2%2Ftags&post=365"}],"curies":[{"name":"wp","href":"https:\/\/api.w.org\/{rel}","templated":true}]}}