{"id":369,"date":"2016-07-07T19:51:23","date_gmt":"2016-07-07T19:51:23","guid":{"rendered":"http:\/\/novo2017.assemit.com.br\/?p=369"},"modified":"2016-07-07T19:51:23","modified_gmt":"2016-07-07T19:51:23","slug":"bate-papo-sobre-associativismo-gestao-e-a-facisc","status":"publish","type":"post","link":"https:\/\/assemit.com.br\/novo\/?p=369","title":{"rendered":"Bate Papo sobre Associativismo, Gest\u00e3o e a FACISC"},"content":{"rendered":"<p><span style=\"color: #1d2129; font-family: helvetica, arial, sans-serif; font-size: 14px; line-height: 19.32px;\">Na noite de ontem, (06\/07), o Presidente da Assemit, Elton Maldaner, membros da diretoria da ASSEMIT, nucleados da Assemit, Presidente da ACISMO de S\u00e3o Miguel do Oeste, Cesar Augusto, e Presidente da AEST \u2013 Tun\u00e1polis\/Santa Helena, Maikel Frey, reuniram-se juntamente com Doreni Karamori &#8211; 1\u00ba Diretor Financeiro da Facisc, para um bate-papo sobre associativismo, gest\u00e3o e sobre a federa\u00e7\u00e3o.<img loading=\"lazy\" decoding=\"async\" class=\" size-full wp-image-368\" src=\"http:\/\/novo2017.assemit.com.br\/wp-content\/uploads\/2016\/07\/IMG_0567.JPG\" alt=\"\" width=\"700\" height=\"450\" \/><\/span><\/p>\n","protected":false},"excerpt":{"rendered":"<p>Na noite de ontem, (06\/07), o Presidente da Assemit, Elton Maldaner, membros da diretoria da ASSEMIT, nucleados da Assemit, Presidente da ACISMO de S\u00e3o Miguel do Oeste, Cesar Augusto, e Presidente da AEST \u2013 Tun\u00e1polis\/Santa Helena, Maikel Frey, reuniram-se juntamente [&hellip;]<\/p>\n","protected":false},"author":1,"featured_media":368,"comment_status":"open","ping_status":"open","sticky":false,"template":"","format":"standard","meta":{"ngg_post_thumbnail":0,"footnotes":""},"categories":[6],"tags":[],"class_list":["post-369","post","type-post","status-publish","format-standard","has-post-thumbnail","hentry","category-novidades"],"_links":{"self":[{"href":"https:\/\/assemit.com.br\/novo\/index.php?rest_route=\/wp\/v2\/posts\/369","targetHints":{"allow":["GET"]}}],"collection":[{"href":"https:\/\/assemit.com.br\/novo\/index.php?rest_route=\/wp\/v2\/posts"}],"about":[{"href":"https:\/\/assemit.com.br\/novo\/index.php?rest_route=\/wp\/v2\/types\/post"}],"author":[{"embeddable":true,"href":"https:\/\/assemit.com.br\/novo\/index.php?rest_route=\/wp\/v2\/users\/1"}],"replies":[{"embeddable":true,"href":"https:\/\/assemit.com.br\/novo\/index.php?rest_route=%2Fwp%2Fv2%2Fcomments&post=369"}],"version-history":[{"count":0,"href":"https:\/\/assemit.com.br\/novo\/index.php?rest_route=\/wp\/v2\/posts\/369\/revisions"}],"wp:featuredmedia":[{"embeddable":true,"href":"https:\/\/assemit.com.br\/novo\/index.php?rest_route=\/wp\/v2\/media\/368"}],"wp:attachment":[{"href":"https:\/\/assemit.com.br\/novo\/index.php?rest_route=%2Fwp%2Fv2%2Fmedia&parent=369"}],"wp:term":[{"taxonomy":"category","embeddable":true,"href":"https:\/\/assemit.com.br\/novo\/index.php?rest_route=%2Fwp%2Fv2%2Fcategories&post=369"},{"taxonomy":"post_tag","embeddable":true,"href":"https:\/\/assemit.com.br\/novo\/index.php?rest_route=%2Fwp%2Fv2%2Ftags&post=369"}],"curies":[{"name":"wp","href":"https:\/\/api.w.org\/{rel}","templated":true}]}}