{"id":373,"date":"2016-07-12T12:54:13","date_gmt":"2016-07-12T12:54:13","guid":{"rendered":"http:\/\/novo2017.assemit.com.br\/?p=373"},"modified":"2016-07-12T12:54:13","modified_gmt":"2016-07-12T12:54:13","slug":"curso-esocial-para-empresas-e-escritorios-contabeis","status":"publish","type":"post","link":"https:\/\/assemit.com.br\/novo\/?p=373","title":{"rendered":"Curso eSocial para Empresas e Escrit\u00f3rios Cont\u00e1beis"},"content":{"rendered":"<p><span style=\"color: #1d2129; font-family: helvetica, arial, sans-serif; font-size: 14px; line-height: 19.32px;\">N\u00facleo de Contadores realizou dia 11\/07 o Curso eSocial para Empresas e Escrit\u00f3rios Cont\u00e1beis, com a instrutora Zenaide Carvalho. O curso aconteceu no audit\u00f3rio da FAI Faculdades.\u00a0<span style=\"color: #1d2129; font-family: helvetica, arial, sans-serif; font-size: 14px; line-height: 19.32px;\">Participaram profissionais cont\u00e1beis e alunos da regi\u00e3o.<\/span><\/span><br style=\"color: #1d2129; font-family: helvetica, arial, sans-serif; font-size: 14px; line-height: 19.32px;\" \/><span style=\"color: #1d2129; font-family: helvetica, arial, sans-serif; font-size: 14px; line-height: 19.32px;\">O objetivo \u00e9 levar as informa\u00e7\u00f5es sobre o eSocial aos profissionais que atuam nas \u00e1reas de pessoal e administra\u00e7\u00e3o, a fim de prepararem seus cadastros e arquivos para o cumprimento da nova obriga\u00e7\u00e3o trabalhista e previdenci\u00e1ria, conforme as regras do Manual oficial do eSocial (MOS).<img loading=\"lazy\" decoding=\"async\" class=\" size-full wp-image-372\" src=\"http:\/\/novo2017.assemit.com.br\/wp-content\/uploads\/2016\/07\/13615071_1783145821923093_4992661418013125008_n.jpg\" alt=\"\" width=\"960\" height=\"640\" srcset=\"https:\/\/assemit.com.br\/novo\/wp-content\/uploads\/2016\/07\/13615071_1783145821923093_4992661418013125008_n.jpg 960w, https:\/\/assemit.com.br\/novo\/wp-content\/uploads\/2016\/07\/13615071_1783145821923093_4992661418013125008_n-300x200.jpg 300w, https:\/\/assemit.com.br\/novo\/wp-content\/uploads\/2016\/07\/13615071_1783145821923093_4992661418013125008_n-768x512.jpg 768w, https:\/\/assemit.com.br\/novo\/wp-content\/uploads\/2016\/07\/13615071_1783145821923093_4992661418013125008_n-619x413.jpg 619w\" sizes=\"auto, (max-width: 960px) 100vw, 960px\" \/><\/span><\/p>\n","protected":false},"excerpt":{"rendered":"<p>N\u00facleo de Contadores realizou dia 11\/07 o Curso eSocial para Empresas e Escrit\u00f3rios Cont\u00e1beis, com a instrutora Zenaide Carvalho. O curso aconteceu no audit\u00f3rio da FAI Faculdades.\u00a0Participaram profissionais cont\u00e1beis e alunos da regi\u00e3o.O objetivo \u00e9 levar as informa\u00e7\u00f5es sobre o [&hellip;]<\/p>\n","protected":false},"author":1,"featured_media":372,"comment_status":"open","ping_status":"open","sticky":false,"template":"","format":"standard","meta":{"ngg_post_thumbnail":0,"footnotes":""},"categories":[6],"tags":[],"class_list":["post-373","post","type-post","status-publish","format-standard","has-post-thumbnail","hentry","category-novidades"],"_links":{"self":[{"href":"https:\/\/assemit.com.br\/novo\/index.php?rest_route=\/wp\/v2\/posts\/373","targetHints":{"allow":["GET"]}}],"collection":[{"href":"https:\/\/assemit.com.br\/novo\/index.php?rest_route=\/wp\/v2\/posts"}],"about":[{"href":"https:\/\/assemit.com.br\/novo\/index.php?rest_route=\/wp\/v2\/types\/post"}],"author":[{"embeddable":true,"href":"https:\/\/assemit.com.br\/novo\/index.php?rest_route=\/wp\/v2\/users\/1"}],"replies":[{"embeddable":true,"href":"https:\/\/assemit.com.br\/novo\/index.php?rest_route=%2Fwp%2Fv2%2Fcomments&post=373"}],"version-history":[{"count":0,"href":"https:\/\/assemit.com.br\/novo\/index.php?rest_route=\/wp\/v2\/posts\/373\/revisions"}],"wp:featuredmedia":[{"embeddable":true,"href":"https:\/\/assemit.com.br\/novo\/index.php?rest_route=\/wp\/v2\/media\/372"}],"wp:attachment":[{"href":"https:\/\/assemit.com.br\/novo\/index.php?rest_route=%2Fwp%2Fv2%2Fmedia&parent=373"}],"wp:term":[{"taxonomy":"category","embeddable":true,"href":"https:\/\/assemit.com.br\/novo\/index.php?rest_route=%2Fwp%2Fv2%2Fcategories&post=373"},{"taxonomy":"post_tag","embeddable":true,"href":"https:\/\/assemit.com.br\/novo\/index.php?rest_route=%2Fwp%2Fv2%2Ftags&post=373"}],"curies":[{"name":"wp","href":"https:\/\/api.w.org\/{rel}","templated":true}]}}