{"id":3765,"date":"2024-07-17T08:47:34","date_gmt":"2024-07-17T11:47:34","guid":{"rendered":"https:\/\/assemit.com.br\/novo\/?p=3765"},"modified":"2024-07-17T11:36:36","modified_gmt":"2024-07-17T14:36:36","slug":"plenaria-facisc-em-maravilha","status":"publish","type":"post","link":"https:\/\/assemit.com.br\/novo\/?p=3765","title":{"rendered":"Plen\u00e1ria regional da Facisc em Maravilha"},"content":{"rendered":"\n<p>Nesta ter\u00e7a, 16\/7, estivemos participando da plen\u00e1ria regional da Facisc em Maravilha, que contou com a presen\u00e7a e explana\u00e7\u00e3o do Secret\u00e1rio de Estado da Sa\u00fade, Diogo Silva, al\u00e9m do presidente da Facisc, Elson Otto, e vice-presidente regional Vanessa Back Bertol. O evento foi organizado pela Associa\u00e7\u00e3o Empresarial e CDL Maravilha, sob a presid\u00eancia da empres\u00e1ria Caroline Maldaner. Estiveram presentes presidentes e representantes de todas as Associa\u00e7\u00f5es que comp\u00f5em a regional. <\/p>\n\n\n\n<figure class=\"wp-block-gallery has-nested-images columns-default is-cropped wp-block-gallery-1 is-layout-flex wp-block-gallery-is-layout-flex\">\n<figure class=\"wp-block-image size-large\"><a href=\"https:\/\/assemit.com.br\/novo\/wp-content\/uploads\/2024\/07\/facisc1607-scaled.jpg\"><img loading=\"lazy\" decoding=\"async\" width=\"1024\" height=\"806\" data-id=\"3766\" src=\"https:\/\/assemit.com.br\/novo\/wp-content\/uploads\/2024\/07\/facisc1607-1024x806.jpg\" alt=\"\" class=\"wp-image-3766\" srcset=\"https:\/\/assemit.com.br\/novo\/wp-content\/uploads\/2024\/07\/facisc1607-1024x806.jpg 1024w, https:\/\/assemit.com.br\/novo\/wp-content\/uploads\/2024\/07\/facisc1607-300x236.jpg 300w, https:\/\/assemit.com.br\/novo\/wp-content\/uploads\/2024\/07\/facisc1607-768x605.jpg 768w, https:\/\/assemit.com.br\/novo\/wp-content\/uploads\/2024\/07\/facisc1607-1536x1209.jpg 1536w, https:\/\/assemit.com.br\/novo\/wp-content\/uploads\/2024\/07\/facisc1607-2048x1613.jpg 2048w\" sizes=\"auto, (max-width: 1024px) 100vw, 1024px\" \/><\/a><\/figure>\n<\/figure>\n\n\n\n<figure class=\"wp-block-gallery has-nested-images columns-4 is-cropped wp-block-gallery-2 is-layout-flex wp-block-gallery-is-layout-flex\">\n<figure class=\"wp-block-image size-large\"><a href=\"https:\/\/assemit.com.br\/novo\/wp-content\/uploads\/2024\/07\/plenaria3.png\"><img loading=\"lazy\" decoding=\"async\" width=\"1000\" height=\"1000\" data-id=\"3833\" src=\"https:\/\/assemit.com.br\/novo\/wp-content\/uploads\/2024\/07\/plenaria3.png\" alt=\"\" class=\"wp-image-3833\" srcset=\"https:\/\/assemit.com.br\/novo\/wp-content\/uploads\/2024\/07\/plenaria3.png 1000w, https:\/\/assemit.com.br\/novo\/wp-content\/uploads\/2024\/07\/plenaria3-300x300.png 300w, https:\/\/assemit.com.br\/novo\/wp-content\/uploads\/2024\/07\/plenaria3-150x150.png 150w, https:\/\/assemit.com.br\/novo\/wp-content\/uploads\/2024\/07\/plenaria3-768x768.png 768w\" sizes=\"auto, (max-width: 1000px) 100vw, 1000px\" \/><\/a><\/figure>\n\n\n\n<figure class=\"wp-block-image size-large\"><a href=\"https:\/\/assemit.com.br\/novo\/wp-content\/uploads\/2024\/07\/plenaria.png\"><img loading=\"lazy\" decoding=\"async\" width=\"1000\" height=\"1000\" data-id=\"3834\" src=\"https:\/\/assemit.com.br\/novo\/wp-content\/uploads\/2024\/07\/plenaria.png\" alt=\"\" class=\"wp-image-3834\" srcset=\"https:\/\/assemit.com.br\/novo\/wp-content\/uploads\/2024\/07\/plenaria.png 1000w, https:\/\/assemit.com.br\/novo\/wp-content\/uploads\/2024\/07\/plenaria-300x300.png 300w, https:\/\/assemit.com.br\/novo\/wp-content\/uploads\/2024\/07\/plenaria-150x150.png 150w, https:\/\/assemit.com.br\/novo\/wp-content\/uploads\/2024\/07\/plenaria-768x768.png 768w\" sizes=\"auto, (max-width: 1000px) 100vw, 1000px\" \/><\/a><\/figure>\n\n\n\n<figure class=\"wp-block-image size-large\"><a href=\"https:\/\/assemit.com.br\/novo\/wp-content\/uploads\/2024\/07\/plenaria1.png\"><img loading=\"lazy\" decoding=\"async\" width=\"1000\" height=\"1000\" data-id=\"3835\" src=\"https:\/\/assemit.com.br\/novo\/wp-content\/uploads\/2024\/07\/plenaria1.png\" alt=\"\" class=\"wp-image-3835\" srcset=\"https:\/\/assemit.com.br\/novo\/wp-content\/uploads\/2024\/07\/plenaria1.png 1000w, https:\/\/assemit.com.br\/novo\/wp-content\/uploads\/2024\/07\/plenaria1-300x300.png 300w, https:\/\/assemit.com.br\/novo\/wp-content\/uploads\/2024\/07\/plenaria1-150x150.png 150w, https:\/\/assemit.com.br\/novo\/wp-content\/uploads\/2024\/07\/plenaria1-768x768.png 768w\" sizes=\"auto, (max-width: 1000px) 100vw, 1000px\" \/><\/a><\/figure>\n\n\n\n<figure class=\"wp-block-image size-large\"><a href=\"https:\/\/assemit.com.br\/novo\/wp-content\/uploads\/2024\/07\/plenaria2.png\"><img loading=\"lazy\" decoding=\"async\" width=\"1000\" height=\"1000\" data-id=\"3836\" src=\"https:\/\/assemit.com.br\/novo\/wp-content\/uploads\/2024\/07\/plenaria2.png\" alt=\"\" class=\"wp-image-3836\" srcset=\"https:\/\/assemit.com.br\/novo\/wp-content\/uploads\/2024\/07\/plenaria2.png 1000w, https:\/\/assemit.com.br\/novo\/wp-content\/uploads\/2024\/07\/plenaria2-300x300.png 300w, https:\/\/assemit.com.br\/novo\/wp-content\/uploads\/2024\/07\/plenaria2-150x150.png 150w, https:\/\/assemit.com.br\/novo\/wp-content\/uploads\/2024\/07\/plenaria2-768x768.png 768w\" sizes=\"auto, (max-width: 1000px) 100vw, 1000px\" \/><\/a><\/figure>\n<\/figure>\n\n\n\n<p>PLEN\u00c1RIA DA REGIONAL EXTREMO OESTE DA FACISC &#x2705;<\/p>\n\n\n\n<p>&#x1f5d3;&#xfe0f; Na noite desta ter\u00e7a-feira, 16, aconteceu na sede da CDL e Associa\u00e7\u00e3o Empresarial de Maravilha a Plen\u00e1ria da Regional Extemo Oeste da FACISC de julho.<\/p>\n\n\n\n<p>&#x1f91d;&#x1f3fb; A Plen\u00e1ria \u00e9 uma oportunidade dos presidentes das associa\u00e7\u00f5es empresariais da regi\u00e3o discutirem pautas pertinentes para a evolu\u00e7\u00e3o de suas entidades em conjunto com a Federa\u00e7\u00e3o Estadual que as representa.<\/p>\n\n\n\n<p>&#x1f3e5; A principal pauta da noite foi a apresenta\u00e7\u00e3o realizada pelo Secret\u00e1rio Estadual da Sa\u00fade de Santa Catarina, Diogo Demarchi Silva, que apresentou os n\u00fameros e proje\u00e7\u00f5es dos Hospitais de Maravilha, S\u00e3o Miguel do Oeste e Chapec\u00f3, que atendem a regi\u00e3o como um todo. A oportunidade de di\u00e1logo com o Secret\u00e1rio fez com que as entidades pudessem tirar suas d\u00favidas sobre a pasta e enaltecer a import\u00e2ncia de valorizar a sa\u00fade da regi\u00e3o.<\/p>\n\n\n\n<p>&#x1f929; Ainda, a plen\u00e1ria, conduzida pela Vice-presidente da Regional Extremo Oeste da FACISC, Vanessa Back Bertol, oportunizou a Associa\u00e7\u00e3o Empresarial de Maravilha para que explanasse sobre o marketing e a comunica\u00e7\u00e3o das entidades como case de sucesso.<\/p>\n\n\n\n<p>&#x2728; Al\u00e9m de presidentes, executivos e diretores, o momento tamb\u00e9m contou com a presen\u00e7a do Presidente da FACISC, Elson Otto, representantes do Hospital S\u00e3o Jos\u00e9, do Hospital Terezinha Gaio Basso e da Secretaria de Sa\u00fade do Munic\u00edpio.<\/p>\n\n\n\n<figure class=\"wp-block-image size-large\"><a href=\"https:\/\/assemit.com.br\/novo\/wp-content\/uploads\/2024\/07\/facisc16071-scaled.jpg\"><img loading=\"lazy\" decoding=\"async\" width=\"1024\" height=\"577\" src=\"https:\/\/assemit.com.br\/novo\/wp-content\/uploads\/2024\/07\/facisc16071-1024x577.jpg\" alt=\"\" class=\"wp-image-3767\" srcset=\"https:\/\/assemit.com.br\/novo\/wp-content\/uploads\/2024\/07\/facisc16071-1024x577.jpg 1024w, https:\/\/assemit.com.br\/novo\/wp-content\/uploads\/2024\/07\/facisc16071-300x169.jpg 300w, https:\/\/assemit.com.br\/novo\/wp-content\/uploads\/2024\/07\/facisc16071-768x432.jpg 768w, https:\/\/assemit.com.br\/novo\/wp-content\/uploads\/2024\/07\/facisc16071-1536x865.jpg 1536w, https:\/\/assemit.com.br\/novo\/wp-content\/uploads\/2024\/07\/facisc16071-2048x1153.jpg 2048w\" sizes=\"auto, (max-width: 1024px) 100vw, 1024px\" \/><\/a><\/figure>\n","protected":false},"excerpt":{"rendered":"<p>Nesta ter\u00e7a, 16\/7, estivemos participando da plen\u00e1ria regional da Facisc em Maravilha, que contou com a presen\u00e7a e explana\u00e7\u00e3o do Secret\u00e1rio de Estado da Sa\u00fade, Diogo Silva, al\u00e9m do presidente da Facisc, Elson Otto, e vice-presidente regional Vanessa Back Bertol. [&hellip;]<\/p>\n","protected":false},"author":2,"featured_media":3766,"comment_status":"closed","ping_status":"closed","sticky":false,"template":"","format":"standard","meta":{"ngg_post_thumbnail":0,"footnotes":""},"categories":[1],"tags":[],"class_list":["post-3765","post","type-post","status-publish","format-standard","has-post-thumbnail","hentry","category-sem-categoria"],"_links":{"self":[{"href":"https:\/\/assemit.com.br\/novo\/index.php?rest_route=\/wp\/v2\/posts\/3765","targetHints":{"allow":["GET"]}}],"collection":[{"href":"https:\/\/assemit.com.br\/novo\/index.php?rest_route=\/wp\/v2\/posts"}],"about":[{"href":"https:\/\/assemit.com.br\/novo\/index.php?rest_route=\/wp\/v2\/types\/post"}],"author":[{"embeddable":true,"href":"https:\/\/assemit.com.br\/novo\/index.php?rest_route=\/wp\/v2\/users\/2"}],"replies":[{"embeddable":true,"href":"https:\/\/assemit.com.br\/novo\/index.php?rest_route=%2Fwp%2Fv2%2Fcomments&post=3765"}],"version-history":[{"count":4,"href":"https:\/\/assemit.com.br\/novo\/index.php?rest_route=\/wp\/v2\/posts\/3765\/revisions"}],"predecessor-version":[{"id":3837,"href":"https:\/\/assemit.com.br\/novo\/index.php?rest_route=\/wp\/v2\/posts\/3765\/revisions\/3837"}],"wp:featuredmedia":[{"embeddable":true,"href":"https:\/\/assemit.com.br\/novo\/index.php?rest_route=\/wp\/v2\/media\/3766"}],"wp:attachment":[{"href":"https:\/\/assemit.com.br\/novo\/index.php?rest_route=%2Fwp%2Fv2%2Fmedia&parent=3765"}],"wp:term":[{"taxonomy":"category","embeddable":true,"href":"https:\/\/assemit.com.br\/novo\/index.php?rest_route=%2Fwp%2Fv2%2Fcategories&post=3765"},{"taxonomy":"post_tag","embeddable":true,"href":"https:\/\/assemit.com.br\/novo\/index.php?rest_route=%2Fwp%2Fv2%2Ftags&post=3765"}],"curies":[{"name":"wp","href":"https:\/\/api.w.org\/{rel}","templated":true}]}}