{"id":3772,"date":"2024-06-17T09:13:35","date_gmt":"2024-06-17T12:13:35","guid":{"rendered":"https:\/\/assemit.com.br\/novo\/?p=3772"},"modified":"2024-07-17T09:14:40","modified_gmt":"2024-07-17T12:14:40","slug":"programa-geracao-empreendedora","status":"publish","type":"post","link":"https:\/\/assemit.com.br\/novo\/?p=3772","title":{"rendered":"Programa Gera\u00e7\u00e3o Empreendedora"},"content":{"rendered":"\n<p>Despertar, estimular e orientar o desenvolvimento do esp\u00edrito empreendedor e da cultura associativista junto dos estudantes de ensino m\u00e9dio e criar uma gera\u00e7\u00e3o consciente, proativa e capacitada para transformar o cen\u00e1rio socioecon\u00f4mico, s\u00e3o alguns dos objetivos do Programa Gera\u00e7\u00e3o Empreendedora realizado pela Facisc com o apoio dos n\u00facleos integrantes do CEME e CEJESC. Treinamento das multiplicadoras.<\/p>\n\n\n\n<figure class=\"wp-block-image size-large\"><a href=\"https:\/\/assemit.com.br\/novo\/wp-content\/uploads\/2024\/07\/cejesc.jpg\"><img loading=\"lazy\" decoding=\"async\" width=\"861\" height=\"1024\" src=\"https:\/\/assemit.com.br\/novo\/wp-content\/uploads\/2024\/07\/cejesc-861x1024.jpg\" alt=\"\" class=\"wp-image-3773\" srcset=\"https:\/\/assemit.com.br\/novo\/wp-content\/uploads\/2024\/07\/cejesc-861x1024.jpg 861w, https:\/\/assemit.com.br\/novo\/wp-content\/uploads\/2024\/07\/cejesc-252x300.jpg 252w, https:\/\/assemit.com.br\/novo\/wp-content\/uploads\/2024\/07\/cejesc-768x913.jpg 768w, https:\/\/assemit.com.br\/novo\/wp-content\/uploads\/2024\/07\/cejesc-1292x1536.jpg 1292w, https:\/\/assemit.com.br\/novo\/wp-content\/uploads\/2024\/07\/cejesc.jpg 1346w\" sizes=\"auto, (max-width: 861px) 100vw, 861px\" \/><\/a><\/figure>\n","protected":false},"excerpt":{"rendered":"<p>Despertar, estimular e orientar o desenvolvimento do esp\u00edrito empreendedor e da cultura associativista junto dos estudantes de ensino m\u00e9dio e criar uma gera\u00e7\u00e3o consciente, proativa e capacitada para transformar o cen\u00e1rio socioecon\u00f4mico, s\u00e3o alguns dos objetivos do Programa Gera\u00e7\u00e3o Empreendedora [&hellip;]<\/p>\n","protected":false},"author":2,"featured_media":0,"comment_status":"closed","ping_status":"closed","sticky":false,"template":"","format":"standard","meta":{"ngg_post_thumbnail":0,"footnotes":""},"categories":[6],"tags":[],"class_list":["post-3772","post","type-post","status-publish","format-standard","hentry","category-novidades"],"_links":{"self":[{"href":"https:\/\/assemit.com.br\/novo\/index.php?rest_route=\/wp\/v2\/posts\/3772","targetHints":{"allow":["GET"]}}],"collection":[{"href":"https:\/\/assemit.com.br\/novo\/index.php?rest_route=\/wp\/v2\/posts"}],"about":[{"href":"https:\/\/assemit.com.br\/novo\/index.php?rest_route=\/wp\/v2\/types\/post"}],"author":[{"embeddable":true,"href":"https:\/\/assemit.com.br\/novo\/index.php?rest_route=\/wp\/v2\/users\/2"}],"replies":[{"embeddable":true,"href":"https:\/\/assemit.com.br\/novo\/index.php?rest_route=%2Fwp%2Fv2%2Fcomments&post=3772"}],"version-history":[{"count":1,"href":"https:\/\/assemit.com.br\/novo\/index.php?rest_route=\/wp\/v2\/posts\/3772\/revisions"}],"predecessor-version":[{"id":3774,"href":"https:\/\/assemit.com.br\/novo\/index.php?rest_route=\/wp\/v2\/posts\/3772\/revisions\/3774"}],"wp:attachment":[{"href":"https:\/\/assemit.com.br\/novo\/index.php?rest_route=%2Fwp%2Fv2%2Fmedia&parent=3772"}],"wp:term":[{"taxonomy":"category","embeddable":true,"href":"https:\/\/assemit.com.br\/novo\/index.php?rest_route=%2Fwp%2Fv2%2Fcategories&post=3772"},{"taxonomy":"post_tag","embeddable":true,"href":"https:\/\/assemit.com.br\/novo\/index.php?rest_route=%2Fwp%2Fv2%2Ftags&post=3772"}],"curies":[{"name":"wp","href":"https:\/\/api.w.org\/{rel}","templated":true}]}}