{"id":3775,"date":"2024-06-25T09:15:55","date_gmt":"2024-06-25T12:15:55","guid":{"rendered":"https:\/\/assemit.com.br\/novo\/?p=3775"},"modified":"2024-07-17T09:25:10","modified_gmt":"2024-07-17T12:25:10","slug":"estrategias-para-engajar-e-reter-pessoas","status":"publish","type":"post","link":"https:\/\/assemit.com.br\/novo\/?p=3775","title":{"rendered":"Estrat\u00e9gias para engajar e reter pessoas"},"content":{"rendered":"\n<p>Aconteceu neste dia 24 de junho no audit\u00f3rio da Associa\u00e7\u00e3o a Capacita\u00e7\u00e3o \u201cEstrat\u00e9gias para engajar e reter pessoas\u201d ministrado pela palestrante\u00a0<a href=\"https:\/\/www.instagram.com\/andreia.dacunhaa\/\">@andreia.dacunhaa<\/a>\u00a0desenvolvida especialmente para nossos Associados.<\/p>\n\n\n\n<p>Acreditamos que a troca de conhecimentos e experi\u00eancias foi extremamente enriquecedora e que cada momento compartilhado contribuir\u00e1 significativamente para o desenvolvimento e crescimento de todos.<\/p>\n\n\n\n<p>Estamos comprometidos em continuar oferecendo oportunidades de aprendizado e aprimoramento profissional, e a presen\u00e7a de voc\u00eas \u00e9 essencial para que possamos alcan\u00e7ar nossos objetivos.<\/p>\n\n\n\n<p>Agradecemos por terem dedicado seu tempo e energia para estarem conosco.<\/p>\n\n\n\n<p>Juntos somos mais fortes! &#x1f4aa;&#x1f3fc;<\/p>\n\n\n\n<figure class=\"wp-block-gallery has-nested-images columns-4 is-cropped wp-block-gallery-1 is-layout-flex wp-block-gallery-is-layout-flex\">\n<figure class=\"wp-block-image size-large\"><a href=\"https:\/\/assemit.com.br\/novo\/wp-content\/uploads\/2024\/07\/Capacitacao1.jpg\"><img loading=\"lazy\" decoding=\"async\" width=\"1024\" height=\"1024\" data-id=\"3778\" src=\"https:\/\/assemit.com.br\/novo\/wp-content\/uploads\/2024\/07\/Capacitacao1-1024x1024.jpg\" alt=\"\" class=\"wp-image-3778\" srcset=\"https:\/\/assemit.com.br\/novo\/wp-content\/uploads\/2024\/07\/Capacitacao1-1024x1024.jpg 1024w, https:\/\/assemit.com.br\/novo\/wp-content\/uploads\/2024\/07\/Capacitacao1-300x300.jpg 300w, https:\/\/assemit.com.br\/novo\/wp-content\/uploads\/2024\/07\/Capacitacao1-150x150.jpg 150w, https:\/\/assemit.com.br\/novo\/wp-content\/uploads\/2024\/07\/Capacitacao1-768x768.jpg 768w, https:\/\/assemit.com.br\/novo\/wp-content\/uploads\/2024\/07\/Capacitacao1.jpg 1080w\" sizes=\"auto, (max-width: 1024px) 100vw, 1024px\" \/><\/a><\/figure>\n\n\n\n<figure class=\"wp-block-image size-large\"><a href=\"https:\/\/assemit.com.br\/novo\/wp-content\/uploads\/2024\/07\/Capacitacao2.jpg\"><img loading=\"lazy\" decoding=\"async\" width=\"1024\" height=\"1024\" data-id=\"3777\" src=\"https:\/\/assemit.com.br\/novo\/wp-content\/uploads\/2024\/07\/Capacitacao2-1024x1024.jpg\" alt=\"\" class=\"wp-image-3777\" srcset=\"https:\/\/assemit.com.br\/novo\/wp-content\/uploads\/2024\/07\/Capacitacao2-1024x1024.jpg 1024w, https:\/\/assemit.com.br\/novo\/wp-content\/uploads\/2024\/07\/Capacitacao2-300x300.jpg 300w, https:\/\/assemit.com.br\/novo\/wp-content\/uploads\/2024\/07\/Capacitacao2-150x150.jpg 150w, https:\/\/assemit.com.br\/novo\/wp-content\/uploads\/2024\/07\/Capacitacao2-768x768.jpg 768w, https:\/\/assemit.com.br\/novo\/wp-content\/uploads\/2024\/07\/Capacitacao2.jpg 1080w\" sizes=\"auto, (max-width: 1024px) 100vw, 1024px\" \/><\/a><\/figure>\n\n\n\n<figure class=\"wp-block-image size-large\"><a href=\"https:\/\/assemit.com.br\/novo\/wp-content\/uploads\/2024\/07\/Capacitacao4.jpg\"><img loading=\"lazy\" decoding=\"async\" width=\"1024\" height=\"1024\" data-id=\"3776\" src=\"https:\/\/assemit.com.br\/novo\/wp-content\/uploads\/2024\/07\/Capacitacao4-1024x1024.jpg\" alt=\"\" class=\"wp-image-3776\" srcset=\"https:\/\/assemit.com.br\/novo\/wp-content\/uploads\/2024\/07\/Capacitacao4-1024x1024.jpg 1024w, https:\/\/assemit.com.br\/novo\/wp-content\/uploads\/2024\/07\/Capacitacao4-300x300.jpg 300w, https:\/\/assemit.com.br\/novo\/wp-content\/uploads\/2024\/07\/Capacitacao4-150x150.jpg 150w, https:\/\/assemit.com.br\/novo\/wp-content\/uploads\/2024\/07\/Capacitacao4-768x768.jpg 768w, https:\/\/assemit.com.br\/novo\/wp-content\/uploads\/2024\/07\/Capacitacao4.jpg 1080w\" sizes=\"auto, (max-width: 1024px) 100vw, 1024px\" \/><\/a><\/figure>\n\n\n\n<figure class=\"wp-block-image size-large\"><a href=\"https:\/\/assemit.com.br\/novo\/wp-content\/uploads\/2024\/07\/Capacitacao3.jpg\"><img loading=\"lazy\" decoding=\"async\" width=\"1024\" height=\"1024\" data-id=\"3779\" src=\"https:\/\/assemit.com.br\/novo\/wp-content\/uploads\/2024\/07\/Capacitacao3-1024x1024.jpg\" alt=\"\" class=\"wp-image-3779\" srcset=\"https:\/\/assemit.com.br\/novo\/wp-content\/uploads\/2024\/07\/Capacitacao3-1024x1024.jpg 1024w, https:\/\/assemit.com.br\/novo\/wp-content\/uploads\/2024\/07\/Capacitacao3-300x300.jpg 300w, https:\/\/assemit.com.br\/novo\/wp-content\/uploads\/2024\/07\/Capacitacao3-150x150.jpg 150w, https:\/\/assemit.com.br\/novo\/wp-content\/uploads\/2024\/07\/Capacitacao3-768x768.jpg 768w, https:\/\/assemit.com.br\/novo\/wp-content\/uploads\/2024\/07\/Capacitacao3.jpg 1080w\" sizes=\"auto, (max-width: 1024px) 100vw, 1024px\" \/><\/a><\/figure>\n<\/figure>\n\n\n\n<p><\/p>\n","protected":false},"excerpt":{"rendered":"<p>Aconteceu neste dia 24 de junho no audit\u00f3rio da Associa\u00e7\u00e3o a Capacita\u00e7\u00e3o \u201cEstrat\u00e9gias para engajar e reter pessoas\u201d ministrado pela palestrante\u00a0@andreia.dacunhaa\u00a0desenvolvida especialmente para nossos Associados. Acreditamos que a troca de conhecimentos e experi\u00eancias foi extremamente enriquecedora e que cada momento [&hellip;]<\/p>\n","protected":false},"author":2,"featured_media":0,"comment_status":"closed","ping_status":"closed","sticky":false,"template":"","format":"standard","meta":{"ngg_post_thumbnail":0,"footnotes":""},"categories":[6],"tags":[],"class_list":["post-3775","post","type-post","status-publish","format-standard","hentry","category-novidades"],"_links":{"self":[{"href":"https:\/\/assemit.com.br\/novo\/index.php?rest_route=\/wp\/v2\/posts\/3775","targetHints":{"allow":["GET"]}}],"collection":[{"href":"https:\/\/assemit.com.br\/novo\/index.php?rest_route=\/wp\/v2\/posts"}],"about":[{"href":"https:\/\/assemit.com.br\/novo\/index.php?rest_route=\/wp\/v2\/types\/post"}],"author":[{"embeddable":true,"href":"https:\/\/assemit.com.br\/novo\/index.php?rest_route=\/wp\/v2\/users\/2"}],"replies":[{"embeddable":true,"href":"https:\/\/assemit.com.br\/novo\/index.php?rest_route=%2Fwp%2Fv2%2Fcomments&post=3775"}],"version-history":[{"count":1,"href":"https:\/\/assemit.com.br\/novo\/index.php?rest_route=\/wp\/v2\/posts\/3775\/revisions"}],"predecessor-version":[{"id":3780,"href":"https:\/\/assemit.com.br\/novo\/index.php?rest_route=\/wp\/v2\/posts\/3775\/revisions\/3780"}],"wp:attachment":[{"href":"https:\/\/assemit.com.br\/novo\/index.php?rest_route=%2Fwp%2Fv2%2Fmedia&parent=3775"}],"wp:term":[{"taxonomy":"category","embeddable":true,"href":"https:\/\/assemit.com.br\/novo\/index.php?rest_route=%2Fwp%2Fv2%2Fcategories&post=3775"},{"taxonomy":"post_tag","embeddable":true,"href":"https:\/\/assemit.com.br\/novo\/index.php?rest_route=%2Fwp%2Fv2%2Ftags&post=3775"}],"curies":[{"name":"wp","href":"https:\/\/api.w.org\/{rel}","templated":true}]}}