{"id":3786,"date":"2024-05-24T09:43:13","date_gmt":"2024-05-24T12:43:13","guid":{"rendered":"https:\/\/assemit.com.br\/novo\/?p=3786"},"modified":"2024-07-17T09:46:38","modified_gmt":"2024-07-17T12:46:38","slug":"nucleo-da-mulher-empresaria-no-ceme-conecta","status":"publish","type":"post","link":"https:\/\/assemit.com.br\/novo\/?p=3786","title":{"rendered":"N\u00facleo da Mulher Empres\u00e1ria no CEME Conecta"},"content":{"rendered":"\n<p>Nesta sexta-feira nucleadas empreendedoras do N\u00facleo da Mulher Empres\u00e1ria da ASSEMIT participam do evento do CEME Conecta, na Cidade de Conc\u00f3rdia. O tema do Evento Mulheres com DDD- Determinadas &#8211; Destemidas &#8211; Destacadas .<\/p>\n\n\n\n<p>Sem d\u00favida um evento para as Mulheres adquirirem mais conhecimentos, fazer network e abrir os leques de relacionamentos.<\/p>\n\n\n\n<p><a href=\"https:\/\/www.instagram.com\/assemit.itapiranga\/\">@assemit.itapiranga<\/a><br><a href=\"https:\/\/www.instagram.com\/ceme_facisc\/\">@ceme_facisc<\/a><\/p>\n\n\n\n<p>Registro com o presidente da FACISC , e tamb\u00e9m a Presidente do CEME!<\/p>\n\n\n\n<figure class=\"wp-block-gallery has-nested-images columns-4 is-cropped wp-block-gallery-1 is-layout-flex wp-block-gallery-is-layout-flex\">\n<figure class=\"wp-block-image size-large\"><a href=\"https:\/\/assemit.com.br\/novo\/wp-content\/uploads\/2024\/07\/CEME.jpg\"><img loading=\"lazy\" decoding=\"async\" width=\"1024\" height=\"810\" data-id=\"3789\" src=\"https:\/\/assemit.com.br\/novo\/wp-content\/uploads\/2024\/07\/CEME-1024x810.jpg\" alt=\"\" class=\"wp-image-3789\" srcset=\"https:\/\/assemit.com.br\/novo\/wp-content\/uploads\/2024\/07\/CEME-1024x810.jpg 1024w, https:\/\/assemit.com.br\/novo\/wp-content\/uploads\/2024\/07\/CEME-300x237.jpg 300w, https:\/\/assemit.com.br\/novo\/wp-content\/uploads\/2024\/07\/CEME-768x607.jpg 768w, https:\/\/assemit.com.br\/novo\/wp-content\/uploads\/2024\/07\/CEME.jpg 1080w\" sizes=\"auto, (max-width: 1024px) 100vw, 1024px\" \/><\/a><\/figure>\n\n\n\n<figure class=\"wp-block-image size-large\"><a href=\"https:\/\/assemit.com.br\/novo\/wp-content\/uploads\/2024\/07\/CEME1.jpg\"><img loading=\"lazy\" decoding=\"async\" width=\"1024\" height=\"813\" data-id=\"3788\" src=\"https:\/\/assemit.com.br\/novo\/wp-content\/uploads\/2024\/07\/CEME1-1024x813.jpg\" alt=\"\" class=\"wp-image-3788\" srcset=\"https:\/\/assemit.com.br\/novo\/wp-content\/uploads\/2024\/07\/CEME1-1024x813.jpg 1024w, https:\/\/assemit.com.br\/novo\/wp-content\/uploads\/2024\/07\/CEME1-300x238.jpg 300w, https:\/\/assemit.com.br\/novo\/wp-content\/uploads\/2024\/07\/CEME1-768x609.jpg 768w, https:\/\/assemit.com.br\/novo\/wp-content\/uploads\/2024\/07\/CEME1.jpg 1080w\" sizes=\"auto, (max-width: 1024px) 100vw, 1024px\" \/><\/a><\/figure>\n\n\n\n<figure class=\"wp-block-image size-large\"><a href=\"https:\/\/assemit.com.br\/novo\/wp-content\/uploads\/2024\/07\/CEME2.jpg\"><img loading=\"lazy\" decoding=\"async\" width=\"1024\" height=\"813\" data-id=\"3790\" src=\"https:\/\/assemit.com.br\/novo\/wp-content\/uploads\/2024\/07\/CEME2-1024x813.jpg\" alt=\"\" class=\"wp-image-3790\" srcset=\"https:\/\/assemit.com.br\/novo\/wp-content\/uploads\/2024\/07\/CEME2-1024x813.jpg 1024w, https:\/\/assemit.com.br\/novo\/wp-content\/uploads\/2024\/07\/CEME2-300x238.jpg 300w, https:\/\/assemit.com.br\/novo\/wp-content\/uploads\/2024\/07\/CEME2-768x609.jpg 768w, https:\/\/assemit.com.br\/novo\/wp-content\/uploads\/2024\/07\/CEME2.jpg 1080w\" sizes=\"auto, (max-width: 1024px) 100vw, 1024px\" \/><\/a><\/figure>\n\n\n\n<figure class=\"wp-block-image size-large\"><a href=\"https:\/\/assemit.com.br\/novo\/wp-content\/uploads\/2024\/07\/CEME3.jpg\"><img loading=\"lazy\" decoding=\"async\" width=\"1024\" height=\"813\" data-id=\"3787\" src=\"https:\/\/assemit.com.br\/novo\/wp-content\/uploads\/2024\/07\/CEME3-1024x813.jpg\" alt=\"\" class=\"wp-image-3787\" srcset=\"https:\/\/assemit.com.br\/novo\/wp-content\/uploads\/2024\/07\/CEME3-1024x813.jpg 1024w, https:\/\/assemit.com.br\/novo\/wp-content\/uploads\/2024\/07\/CEME3-300x238.jpg 300w, https:\/\/assemit.com.br\/novo\/wp-content\/uploads\/2024\/07\/CEME3-768x609.jpg 768w, https:\/\/assemit.com.br\/novo\/wp-content\/uploads\/2024\/07\/CEME3.jpg 1080w\" sizes=\"auto, (max-width: 1024px) 100vw, 1024px\" \/><\/a><\/figure>\n<\/figure>\n","protected":false},"excerpt":{"rendered":"<p>Nesta sexta-feira nucleadas empreendedoras do N\u00facleo da Mulher Empres\u00e1ria da ASSEMIT participam do evento do CEME Conecta, na Cidade de Conc\u00f3rdia. O tema do Evento Mulheres com DDD- Determinadas &#8211; Destemidas &#8211; Destacadas . Sem d\u00favida um evento para as [&hellip;]<\/p>\n","protected":false},"author":2,"featured_media":0,"comment_status":"closed","ping_status":"closed","sticky":false,"template":"","format":"standard","meta":{"ngg_post_thumbnail":0,"footnotes":""},"categories":[6],"tags":[],"class_list":["post-3786","post","type-post","status-publish","format-standard","hentry","category-novidades"],"_links":{"self":[{"href":"https:\/\/assemit.com.br\/novo\/index.php?rest_route=\/wp\/v2\/posts\/3786","targetHints":{"allow":["GET"]}}],"collection":[{"href":"https:\/\/assemit.com.br\/novo\/index.php?rest_route=\/wp\/v2\/posts"}],"about":[{"href":"https:\/\/assemit.com.br\/novo\/index.php?rest_route=\/wp\/v2\/types\/post"}],"author":[{"embeddable":true,"href":"https:\/\/assemit.com.br\/novo\/index.php?rest_route=\/wp\/v2\/users\/2"}],"replies":[{"embeddable":true,"href":"https:\/\/assemit.com.br\/novo\/index.php?rest_route=%2Fwp%2Fv2%2Fcomments&post=3786"}],"version-history":[{"count":1,"href":"https:\/\/assemit.com.br\/novo\/index.php?rest_route=\/wp\/v2\/posts\/3786\/revisions"}],"predecessor-version":[{"id":3791,"href":"https:\/\/assemit.com.br\/novo\/index.php?rest_route=\/wp\/v2\/posts\/3786\/revisions\/3791"}],"wp:attachment":[{"href":"https:\/\/assemit.com.br\/novo\/index.php?rest_route=%2Fwp%2Fv2%2Fmedia&parent=3786"}],"wp:term":[{"taxonomy":"category","embeddable":true,"href":"https:\/\/assemit.com.br\/novo\/index.php?rest_route=%2Fwp%2Fv2%2Fcategories&post=3786"},{"taxonomy":"post_tag","embeddable":true,"href":"https:\/\/assemit.com.br\/novo\/index.php?rest_route=%2Fwp%2Fv2%2Ftags&post=3786"}],"curies":[{"name":"wp","href":"https:\/\/api.w.org\/{rel}","templated":true}]}}