{"id":3809,"date":"2024-03-05T10:03:17","date_gmt":"2024-03-05T13:03:17","guid":{"rendered":"https:\/\/assemit.com.br\/novo\/?p=3809"},"modified":"2024-07-17T10:06:49","modified_gmt":"2024-07-17T13:06:49","slug":"empreendedorismo-no-agronegocio","status":"publish","type":"post","link":"https:\/\/assemit.com.br\/novo\/?p=3809","title":{"rendered":"Empreendedorismo no Agroneg\u00f3cio"},"content":{"rendered":"\n<p>Na tarde do dia 5 de mar\u00e7o foi realizado o evento Empreendedorismo no Agroneg\u00f3cio, com presen\u00e7a de produtores e influenciadores do agro no Munic\u00edpio de Itapiranga.<\/p>\n\n\n\n<p>O evento contou com um painel sobre o cen\u00e1rio do Agro com Daniel Brand\u00e3o e Mariocir Serafini, ap\u00f3s uma palestra com Milton Melz presidente da&nbsp;<a href=\"https:\/\/www.instagram.com\/aciiocdl\/\">@aciiocdl<\/a>&nbsp;.<\/p>\n\n\n\n<p>O intuito principal \u00e9 trazer os produtores para dentro da associa\u00e7\u00e3o para juntos otimizarmos treinamentos e capacita\u00e7\u00f5es, bem como solu\u00e7\u00f5es que otimizam custos e incentivam o agro em sua produ\u00e7\u00e3o.<\/p>\n\n\n\n<figure class=\"wp-block-video\"><video height=\"1280\" style=\"aspect-ratio: 720 \/ 1280;\" width=\"720\" controls src=\"https:\/\/assemit.com.br\/novo\/wp-content\/uploads\/2024\/07\/agro.mp4\"><\/video><\/figure>\n","protected":false},"excerpt":{"rendered":"<p>Na tarde do dia 5 de mar\u00e7o foi realizado o evento Empreendedorismo no Agroneg\u00f3cio, com presen\u00e7a de produtores e influenciadores do agro no Munic\u00edpio de Itapiranga. O evento contou com um painel sobre o cen\u00e1rio do Agro com Daniel Brand\u00e3o [&hellip;]<\/p>\n","protected":false},"author":2,"featured_media":0,"comment_status":"closed","ping_status":"closed","sticky":false,"template":"","format":"standard","meta":{"ngg_post_thumbnail":0,"footnotes":""},"categories":[6],"tags":[],"class_list":["post-3809","post","type-post","status-publish","format-standard","hentry","category-novidades"],"_links":{"self":[{"href":"https:\/\/assemit.com.br\/novo\/index.php?rest_route=\/wp\/v2\/posts\/3809","targetHints":{"allow":["GET"]}}],"collection":[{"href":"https:\/\/assemit.com.br\/novo\/index.php?rest_route=\/wp\/v2\/posts"}],"about":[{"href":"https:\/\/assemit.com.br\/novo\/index.php?rest_route=\/wp\/v2\/types\/post"}],"author":[{"embeddable":true,"href":"https:\/\/assemit.com.br\/novo\/index.php?rest_route=\/wp\/v2\/users\/2"}],"replies":[{"embeddable":true,"href":"https:\/\/assemit.com.br\/novo\/index.php?rest_route=%2Fwp%2Fv2%2Fcomments&post=3809"}],"version-history":[{"count":1,"href":"https:\/\/assemit.com.br\/novo\/index.php?rest_route=\/wp\/v2\/posts\/3809\/revisions"}],"predecessor-version":[{"id":3811,"href":"https:\/\/assemit.com.br\/novo\/index.php?rest_route=\/wp\/v2\/posts\/3809\/revisions\/3811"}],"wp:attachment":[{"href":"https:\/\/assemit.com.br\/novo\/index.php?rest_route=%2Fwp%2Fv2%2Fmedia&parent=3809"}],"wp:term":[{"taxonomy":"category","embeddable":true,"href":"https:\/\/assemit.com.br\/novo\/index.php?rest_route=%2Fwp%2Fv2%2Fcategories&post=3809"},{"taxonomy":"post_tag","embeddable":true,"href":"https:\/\/assemit.com.br\/novo\/index.php?rest_route=%2Fwp%2Fv2%2Ftags&post=3809"}],"curies":[{"name":"wp","href":"https:\/\/api.w.org\/{rel}","templated":true}]}}